{"id":2096,"date":"2024-03-01T04:58:49","date_gmt":"2024-03-01T04:58:49","guid":{"rendered":"https:\/\/rfmproductions.org\/?p=2096"},"modified":"2024-10-05T07:14:41","modified_gmt":"2024-10-05T07:14:41","slug":"unveiling-the-societal-foundations-of-women-in-the-amazon-amerindian-myths-of-lowland-south-america","status":"publish","type":"post","link":"https:\/\/rfmproductions.org\/pt\/unveiling-the-societal-foundations-of-women-in-the-amazon-amerindian-myths-of-lowland-south-america\/","title":{"rendered":"Integrating Societal Foundations of Women with Sustainability across the Amazon"},"content":{"rendered":"<div data-elementor-type=\"wp-post\" data-elementor-id=\"2096\" class=\"elementor elementor-2096\">\n\t\t\t\t\t\t<section class=\"ob-is-breaking-bad elementor-section elementor-top-section elementor-element elementor-element-ba453cc elementor-section-boxed elementor-section-height-default elementor-section-height-default\" data-id=\"ba453cc\" data-element_type=\"section\" data-e-type=\"section\" data-settings=\"{&quot;_ob_bbad_use_it&quot;:&quot;yes&quot;,&quot;_ob_bbad_sssic_use&quot;:&quot;no&quot;,&quot;_ob_glider_is_slider&quot;:&quot;no&quot;}\">\n\t\t\t\t\t\t<div class=\"elementor-container elementor-column-gap-default\">\n\t\t\t\t\t<div class=\"elementor-column elementor-col-100 elementor-top-column elementor-element elementor-element-7e26169\" data-id=\"7e26169\" data-element_type=\"column\" data-e-type=\"column\" data-settings=\"{&quot;_ob_bbad_is_stalker&quot;:&quot;no&quot;,&quot;_ob_teleporter_use&quot;:false,&quot;_ob_column_hoveranimator&quot;:&quot;no&quot;,&quot;_ob_column_has_pseudo&quot;:&quot;no&quot;}\">\n\t\t\t<div class=\"elementor-widget-wrap elementor-element-populated\">\n\t\t\t\t\t\t<div class=\"elementor-element elementor-element-f081b0f ob-harakiri-inherit ob-has-background-overlay elementor-widget elementor-widget-heading\" data-id=\"f081b0f\" data-element_type=\"widget\" data-e-type=\"widget\" data-settings=\"{&quot;_ob_use_harakiri&quot;:&quot;yes&quot;,&quot;_ob_harakiri_writing_mode&quot;:&quot;inherit&quot;,&quot;_ob_harakiri_text_clip&quot;:&quot;none&quot;,&quot;_ob_perspektive_use&quot;:&quot;no&quot;,&quot;_ob_poopart_use&quot;:&quot;yes&quot;,&quot;_ob_shadough_use&quot;:&quot;no&quot;,&quot;_ob_allow_hoveranimator&quot;:&quot;no&quot;,&quot;_ob_widget_stalker_use&quot;:&quot;no&quot;}\" data-widget_type=\"heading.default\">\n\t\t\t\t<div class=\"elementor-widget-container\">\n\t\t\t\t\t<h2 class=\"elementor-heading-title elementor-size-default\">REVELANDO OS FUNDAMENTOS SOCIAIS DAS MULHERES NA AMAZ\u00d4NIA: MITOS AMER\u00cdNDIOS DA BAIXA AM\u00c9RICA DO SUL<\/h2>\t\t\t\t<\/div>\n\t\t\t\t<\/div>\n\t\t\t\t\t<\/div>\n\t\t<\/div>\n\t\t\t\t\t<\/div>\n\t\t<\/section>\n\t\t\t\t<section class=\"ob-is-breaking-bad elementor-section elementor-top-section elementor-element elementor-element-697e5d8 elementor-section-boxed elementor-section-height-default elementor-section-height-default\" data-id=\"697e5d8\" data-element_type=\"section\" data-e-type=\"section\" data-settings=\"{&quot;_ob_bbad_use_it&quot;:&quot;yes&quot;,&quot;_ob_bbad_sssic_use&quot;:&quot;no&quot;,&quot;_ob_glider_is_slider&quot;:&quot;no&quot;}\">\n\t\t\t\t\t\t<div class=\"elementor-container elementor-column-gap-default\">\n\t\t\t\t\t<div class=\"elementor-column elementor-col-100 elementor-top-column elementor-element elementor-element-37a75706\" data-id=\"37a75706\" data-element_type=\"column\" data-e-type=\"column\" data-settings=\"{&quot;_ob_bbad_is_stalker&quot;:&quot;no&quot;,&quot;_ob_teleporter_use&quot;:false,&quot;_ob_column_hoveranimator&quot;:&quot;no&quot;,&quot;_ob_column_has_pseudo&quot;:&quot;no&quot;}\">\n\t\t\t<div class=\"elementor-widget-wrap elementor-element-populated\">\n\t\t\t\t\t\t<div class=\"elementor-element elementor-element-77d68dbf ob-harakiri-inherit ob-has-background-overlay elementor-widget elementor-widget-text-editor\" data-id=\"77d68dbf\" data-element_type=\"widget\" data-e-type=\"widget\" data-settings=\"{&quot;_ob_use_harakiri&quot;:&quot;yes&quot;,&quot;_ob_harakiri_writing_mode&quot;:&quot;inherit&quot;,&quot;_ob_postman_use&quot;:&quot;no&quot;,&quot;_ob_perspektive_use&quot;:&quot;no&quot;,&quot;_ob_poopart_use&quot;:&quot;yes&quot;,&quot;_ob_shadough_use&quot;:&quot;no&quot;,&quot;_ob_allow_hoveranimator&quot;:&quot;no&quot;,&quot;_ob_widget_stalker_use&quot;:&quot;no&quot;}\" data-widget_type=\"text-editor.default\">\n\t\t\t\t<div class=\"elementor-widget-container\">\n\t\t\t\t\t\t\t\t\t<p>Ao celebrarmos o M\u00eas da Hist\u00f3ria da Mulher, \u00e9 essencial explorar a rica tape\u00e7aria de narrativas que moldaram as sociedades ao longo da hist\u00f3ria. Entre estes, destacam-se os mitos amer\u00edndios das terras baixas da Am\u00e9rica do Sul, pintando um quadro v\u00edvido de mulheres semelhantes \u00e0s amazonas e da intrincada rede de rela\u00e7\u00f5es sociais que sustentam as suas comunidades.<\/p>\t\t\t\t\t\t\t\t<\/div>\n\t\t\t\t<\/div>\n\t\t\t\t<div class=\"elementor-element elementor-element-4b2817b ob-harakiri-inherit ob-has-background-overlay elementor-widget elementor-widget-text-editor\" data-id=\"4b2817b\" data-element_type=\"widget\" data-e-type=\"widget\" data-settings=\"{&quot;_ob_use_harakiri&quot;:&quot;yes&quot;,&quot;_ob_harakiri_writing_mode&quot;:&quot;inherit&quot;,&quot;_ob_postman_use&quot;:&quot;no&quot;,&quot;_ob_perspektive_use&quot;:&quot;no&quot;,&quot;_ob_poopart_use&quot;:&quot;yes&quot;,&quot;_ob_shadough_use&quot;:&quot;no&quot;,&quot;_ob_allow_hoveranimator&quot;:&quot;no&quot;,&quot;_ob_widget_stalker_use&quot;:&quot;no&quot;}\" data-widget_type=\"text-editor.default\">\n\t\t\t\t<div class=\"elementor-widget-container\">\n\t\t\t\t\t\t\t\t\t<p>No cerne destes mitos reside um conceito fascinante \u2013 a troca primordial de objetos rituais entre homens e mulheres. Objetos como ciba, pedras verdes, flautas e machados ocupam o centro desta troca, simbolizando um momento socialmente criativo que desempenhou um papel fundamental no estabelecimento das sociedades. Este antigo ritual fornece um modelo geral para as rela\u00e7\u00f5es sociais, esclarecendo os elementos fundamentais que unem as comunidades.<\/p>\t\t\t\t\t\t\t\t<\/div>\n\t\t\t\t<\/div>\n\t\t\t\t<div class=\"elementor-element elementor-element-97ded8d ob-harakiri-inherit ob-has-background-overlay elementor-widget elementor-widget-text-editor\" data-id=\"97ded8d\" data-element_type=\"widget\" data-e-type=\"widget\" data-settings=\"{&quot;_ob_use_harakiri&quot;:&quot;yes&quot;,&quot;_ob_harakiri_writing_mode&quot;:&quot;inherit&quot;,&quot;_ob_postman_use&quot;:&quot;no&quot;,&quot;_ob_perspektive_use&quot;:&quot;no&quot;,&quot;_ob_poopart_use&quot;:&quot;yes&quot;,&quot;_ob_shadough_use&quot;:&quot;no&quot;,&quot;_ob_allow_hoveranimator&quot;:&quot;no&quot;,&quot;_ob_widget_stalker_use&quot;:&quot;no&quot;}\" data-widget_type=\"text-editor.default\">\n\t\t\t\t<div class=\"elementor-widget-container\">\n\t\t\t\t\t\t\t\t\t<p>A troca de rituais, particularmente nas rela\u00e7\u00f5es entre homens, transcende as transa\u00e7\u00f5es comuns. Transforma-as em trocas socialmente criativas, recriando ritualmente a troca primordial retratada nos mitos. Esta intrincada dan\u00e7a de objetos n\u00e3o s\u00f3 molda a estrutura da sociedade, mas tamb\u00e9m sublinha a import\u00e2ncia do ritual e do simbolismo na din\u00e2mica social.<\/p>\t\t\t\t\t\t\t\t<\/div>\n\t\t\t\t<\/div>\n\t\t\t\t<div class=\"elementor-element elementor-element-ff20461 ob-harakiri-inherit ob-has-background-overlay elementor-widget elementor-widget-text-editor\" data-id=\"ff20461\" data-element_type=\"widget\" data-e-type=\"widget\" data-settings=\"{&quot;_ob_use_harakiri&quot;:&quot;yes&quot;,&quot;_ob_harakiri_writing_mode&quot;:&quot;inherit&quot;,&quot;_ob_postman_use&quot;:&quot;no&quot;,&quot;_ob_perspektive_use&quot;:&quot;no&quot;,&quot;_ob_poopart_use&quot;:&quot;yes&quot;,&quot;_ob_shadough_use&quot;:&quot;no&quot;,&quot;_ob_allow_hoveranimator&quot;:&quot;no&quot;,&quot;_ob_widget_stalker_use&quot;:&quot;no&quot;}\" data-widget_type=\"text-editor.default\">\n\t\t\t\t<div class=\"elementor-widget-container\">\n\t\t\t\t\t\t\t\t\t<p>Curiosamente, os mitos mudam o foco das rela\u00e7\u00f5es homem-homem para destacar o papel fundamental das rela\u00e7\u00f5es mulher-homem na estrutura social. Esta perspectiva desafia as narrativas convencionais e oferece um coment\u00e1rio \u00fanico sobre a import\u00e2ncia do interc\u00e2mbio e das rela\u00e7\u00f5es sociais nas terras baixas da Am\u00e9rica do Sul.<\/p>\t\t\t\t\t\t\t\t<\/div>\n\t\t\t\t<\/div>\n\t\t\t\t<div class=\"elementor-element elementor-element-ec8c927 ob-harakiri-inherit ob-has-background-overlay elementor-widget elementor-widget-text-editor\" data-id=\"ec8c927\" data-element_type=\"widget\" data-e-type=\"widget\" data-settings=\"{&quot;_ob_use_harakiri&quot;:&quot;yes&quot;,&quot;_ob_harakiri_writing_mode&quot;:&quot;inherit&quot;,&quot;_ob_postman_use&quot;:&quot;no&quot;,&quot;_ob_perspektive_use&quot;:&quot;no&quot;,&quot;_ob_poopart_use&quot;:&quot;yes&quot;,&quot;_ob_shadough_use&quot;:&quot;no&quot;,&quot;_ob_allow_hoveranimator&quot;:&quot;no&quot;,&quot;_ob_widget_stalker_use&quot;:&quot;no&quot;}\" data-widget_type=\"text-editor.default\">\n\t\t\t\t<div class=\"elementor-widget-container\">\n\t\t\t\t\t\t\t\t\t<p>A preval\u00eancia generalizada destes mitos nas plan\u00edcies da Am\u00e9rica do Sul serve como testemunho do seu impacto duradouro na imagina\u00e7\u00e3o cultural. \u00c0 medida que nos aprofundamos nestas narrativas durante o M\u00eas da Hist\u00f3ria da Mulher, obtemos insights sobre os pap\u00e9is diferenciados que as mulheres desempenharam na forma\u00e7\u00e3o dos pr\u00f3prios alicerces da sociedade.<\/p>\t\t\t\t\t\t\t\t<\/div>\n\t\t\t\t<\/div>\n\t\t\t\t<div class=\"elementor-element elementor-element-6683322 ob-harakiri-inherit ob-has-background-overlay elementor-widget elementor-widget-text-editor\" data-id=\"6683322\" data-element_type=\"widget\" data-e-type=\"widget\" data-settings=\"{&quot;_ob_use_harakiri&quot;:&quot;yes&quot;,&quot;_ob_harakiri_writing_mode&quot;:&quot;inherit&quot;,&quot;_ob_postman_use&quot;:&quot;no&quot;,&quot;_ob_perspektive_use&quot;:&quot;no&quot;,&quot;_ob_poopart_use&quot;:&quot;yes&quot;,&quot;_ob_shadough_use&quot;:&quot;no&quot;,&quot;_ob_allow_hoveranimator&quot;:&quot;no&quot;,&quot;_ob_widget_stalker_use&quot;:&quot;no&quot;}\" data-widget_type=\"text-editor.default\">\n\t\t\t\t<div class=\"elementor-widget-container\">\n\t\t\t\t\t\t\t\t\t<p>Em conclus\u00e3o, os mitos amer\u00edndios proporcionam-nos um vislumbre cativante de um mundo onde a troca de objetos rituais se torna uma for\u00e7a transformadora, moldando as rela\u00e7\u00f5es sociais e lan\u00e7ando as bases para as intrincadas sociedades que vemos hoje. Neste M\u00eas da Hist\u00f3ria da Mulher, celebremos e honremos as contribui\u00e7\u00f5es das mulheres nestas narrativas antigas, reconhecendo o seu papel fundamental na trama da hist\u00f3ria humana.<\/p>\t\t\t\t\t\t\t\t<\/div>\n\t\t\t\t<\/div>\n\t\t\t\t<div class=\"elementor-element elementor-element-97f4814 ob-harakiri-inherit ob-has-background-overlay elementor-widget elementor-widget-text-editor\" data-id=\"97f4814\" data-element_type=\"widget\" data-e-type=\"widget\" data-settings=\"{&quot;_ob_use_harakiri&quot;:&quot;yes&quot;,&quot;_ob_harakiri_writing_mode&quot;:&quot;inherit&quot;,&quot;_ob_postman_use&quot;:&quot;no&quot;,&quot;_ob_perspektive_use&quot;:&quot;no&quot;,&quot;_ob_poopart_use&quot;:&quot;yes&quot;,&quot;_ob_shadough_use&quot;:&quot;no&quot;,&quot;_ob_allow_hoveranimator&quot;:&quot;no&quot;,&quot;_ob_widget_stalker_use&quot;:&quot;no&quot;}\" data-widget_type=\"text-editor.default\">\n\t\t\t\t<div class=\"elementor-widget-container\">\n\t\t\t\t\t\t\t\t\t<p>Mais fatos sobre a hist\u00f3ria das mulheres amaz\u00f4nicas<\/p>\t\t\t\t\t\t\t\t<\/div>\n\t\t\t\t<\/div>\n\t\t\t\t<div class=\"elementor-element elementor-element-7013a66 ob-harakiri-inherit ob-has-background-overlay elementor-widget elementor-widget-text-editor\" data-id=\"7013a66\" data-element_type=\"widget\" data-e-type=\"widget\" data-settings=\"{&quot;_ob_use_harakiri&quot;:&quot;yes&quot;,&quot;_ob_harakiri_writing_mode&quot;:&quot;inherit&quot;,&quot;_ob_postman_use&quot;:&quot;no&quot;,&quot;_ob_perspektive_use&quot;:&quot;no&quot;,&quot;_ob_poopart_use&quot;:&quot;yes&quot;,&quot;_ob_shadough_use&quot;:&quot;no&quot;,&quot;_ob_allow_hoveranimator&quot;:&quot;no&quot;,&quot;_ob_widget_stalker_use&quot;:&quot;no&quot;}\" data-widget_type=\"text-editor.default\">\n\t\t\t\t<div class=\"elementor-widget-container\">\n\t\t\t\t\t\t\t\t\t<p>A hist\u00f3ria das mulheres amaz\u00f4nicas est\u00e1 profundamente enraizada nas diversas culturas que prosperaram nesta regi\u00e3o durante s\u00e9culos. Embora a Bacia Amaz\u00f4nica seja o lar de numerosos grupos ind\u00edgenas, cada um com as suas tradi\u00e7\u00f5es e pr\u00e1ticas \u00fanicas, alguns temas e desafios abrangentes marcaram as experi\u00eancias das mulheres nesta \u00e1rea vasta e ecologicamente significativa.<\/p>\t\t\t\t\t\t\t\t<\/div>\n\t\t\t\t<\/div>\n\t\t\t\t<div class=\"elementor-element elementor-element-d3fd0f2 ob-harakiri-inherit ob-has-background-overlay elementor-widget elementor-widget-text-editor\" data-id=\"d3fd0f2\" data-element_type=\"widget\" data-e-type=\"widget\" data-settings=\"{&quot;_ob_use_harakiri&quot;:&quot;yes&quot;,&quot;_ob_harakiri_writing_mode&quot;:&quot;inherit&quot;,&quot;_ob_postman_use&quot;:&quot;no&quot;,&quot;_ob_perspektive_use&quot;:&quot;no&quot;,&quot;_ob_poopart_use&quot;:&quot;yes&quot;,&quot;_ob_shadough_use&quot;:&quot;no&quot;,&quot;_ob_allow_hoveranimator&quot;:&quot;no&quot;,&quot;_ob_widget_stalker_use&quot;:&quot;no&quot;}\" data-widget_type=\"text-editor.default\">\n\t\t\t\t<div class=\"elementor-widget-container\">\n\t\t\t\t\t\t\t\t\t<p>Sabedoria Ind\u00edgena e Sociedades Matriarcais:<br \/>Muitas comunidades ind\u00edgenas na Amaz\u00f4nia adotaram historicamente estruturas matriarcais, onde as mulheres ocupam pap\u00e9is centrais na tomada de decis\u00f5es e na vida comunit\u00e1ria. As mulheres muitas vezes contribuem significativamente para as actividades agr\u00edcolas, a recolha e o bem-estar da comunidade.<\/p>\t\t\t\t\t\t\t\t<\/div>\n\t\t\t\t<\/div>\n\t\t\t\t<div class=\"elementor-element elementor-element-201851e ob-harakiri-inherit ob-has-background-overlay elementor-widget elementor-widget-text-editor\" data-id=\"201851e\" data-element_type=\"widget\" data-e-type=\"widget\" data-settings=\"{&quot;_ob_use_harakiri&quot;:&quot;yes&quot;,&quot;_ob_harakiri_writing_mode&quot;:&quot;inherit&quot;,&quot;_ob_postman_use&quot;:&quot;no&quot;,&quot;_ob_perspektive_use&quot;:&quot;no&quot;,&quot;_ob_poopart_use&quot;:&quot;yes&quot;,&quot;_ob_shadough_use&quot;:&quot;no&quot;,&quot;_ob_allow_hoveranimator&quot;:&quot;no&quot;,&quot;_ob_widget_stalker_use&quot;:&quot;no&quot;}\" data-widget_type=\"text-editor.default\">\n\t\t\t\t<div class=\"elementor-widget-container\">\n\t\t\t\t\t\t\t\t\t<p>Conhecimentos Tradicionais e Pr\u00e1ticas de Cura:<br \/>As mulheres de grupos ind\u00edgenas amaz\u00f4nicos muitas vezes desempenham pap\u00e9is cruciais como curandeiras e cuidadoras. O seu conhecimento sobre plantas medicinais e pr\u00e1ticas de cura tradicionais tem sido transmitido atrav\u00e9s de gera\u00e7\u00f5es, contribuindo para a sa\u00fade e o bem-estar das suas comunidades.<\/p>\t\t\t\t\t\t\t\t<\/div>\n\t\t\t\t<\/div>\n\t\t\t\t<div class=\"elementor-element elementor-element-69886ff ob-harakiri-inherit ob-has-background-overlay elementor-widget elementor-widget-text-editor\" data-id=\"69886ff\" data-element_type=\"widget\" data-e-type=\"widget\" data-settings=\"{&quot;_ob_use_harakiri&quot;:&quot;yes&quot;,&quot;_ob_harakiri_writing_mode&quot;:&quot;inherit&quot;,&quot;_ob_postman_use&quot;:&quot;no&quot;,&quot;_ob_perspektive_use&quot;:&quot;no&quot;,&quot;_ob_poopart_use&quot;:&quot;yes&quot;,&quot;_ob_shadough_use&quot;:&quot;no&quot;,&quot;_ob_allow_hoveranimator&quot;:&quot;no&quot;,&quot;_ob_widget_stalker_use&quot;:&quot;no&quot;}\" data-widget_type=\"text-editor.default\">\n\t\t\t\t<div class=\"elementor-widget-container\">\n\t\t\t\t\t\t\t\t\t<p><span style=\"font-weight: 400;\">Al\u00e9m disso, a iniciativa do banco de sementes explora a forma como estas iniciativas de sementes contribuem para a preserva\u00e7\u00e3o das culturas ind\u00edgenas, ao mesmo tempo que capacita os ambientalistas que est\u00e3o amea\u00e7ados pelo desaparecimento de esp\u00e9cies de plantas tradicionais e pela ansiedade clim\u00e1tica. <\/span><\/p>\t\t\t\t\t\t\t\t<\/div>\n\t\t\t\t<\/div>\n\t\t\t\t<div class=\"elementor-element elementor-element-34c7f6a ob-harakiri-inherit ob-has-background-overlay elementor-widget elementor-widget-text-editor\" data-id=\"34c7f6a\" data-element_type=\"widget\" data-e-type=\"widget\" data-settings=\"{&quot;_ob_use_harakiri&quot;:&quot;yes&quot;,&quot;_ob_harakiri_writing_mode&quot;:&quot;inherit&quot;,&quot;_ob_postman_use&quot;:&quot;no&quot;,&quot;_ob_perspektive_use&quot;:&quot;no&quot;,&quot;_ob_poopart_use&quot;:&quot;yes&quot;,&quot;_ob_shadough_use&quot;:&quot;no&quot;,&quot;_ob_allow_hoveranimator&quot;:&quot;no&quot;,&quot;_ob_widget_stalker_use&quot;:&quot;no&quot;}\" data-widget_type=\"text-editor.default\">\n\t\t\t\t<div class=\"elementor-widget-container\">\n\t\t\t\t\t\t\t\t\t<p>Desafios e Ativismo Ambiental:<br \/>Nos \u00faltimos tempos, as mulheres da Amaz\u00f4nia t\u00eam estado na vanguarda do ativismo ambiental. Eles levantaram as suas vozes contra a desfloresta\u00e7\u00e3o, a degrada\u00e7\u00e3o ambiental e o impacto das actividades industriais nas suas comunidades. Mulheres como Berta C\u00e1ceres, uma ind\u00edgena Lenca de Honduras, tornaram-se s\u00edmbolos de resist\u00eancia contra tais amea\u00e7as.<\/p>\t\t\t\t\t\t\t\t<\/div>\n\t\t\t\t<\/div>\n\t\t\t\t<div class=\"elementor-element elementor-element-db14178 ob-harakiri-inherit ob-has-background-overlay elementor-widget elementor-widget-text-editor\" data-id=\"db14178\" data-element_type=\"widget\" data-e-type=\"widget\" data-settings=\"{&quot;_ob_use_harakiri&quot;:&quot;yes&quot;,&quot;_ob_harakiri_writing_mode&quot;:&quot;inherit&quot;,&quot;_ob_postman_use&quot;:&quot;no&quot;,&quot;_ob_perspektive_use&quot;:&quot;no&quot;,&quot;_ob_poopart_use&quot;:&quot;yes&quot;,&quot;_ob_shadough_use&quot;:&quot;no&quot;,&quot;_ob_allow_hoveranimator&quot;:&quot;no&quot;,&quot;_ob_widget_stalker_use&quot;:&quot;no&quot;}\" data-widget_type=\"text-editor.default\">\n\t\t\t\t<div class=\"elementor-widget-container\">\n\t\t\t\t\t\t\t\t\t<p>Diversidade Cultural e Resili\u00eancia:<br \/>A Amaz\u00f4nia abriga uma rica tape\u00e7aria de culturas, l\u00ednguas e tradi\u00e7\u00f5es. As mulheres t\u00eam desempenhado um papel vital na preserva\u00e7\u00e3o e transmiss\u00e3o desta diversidade cultural, garantindo que as identidades \u00fanicas das suas comunidades perduram apesar das press\u00f5es externas.<\/p>\t\t\t\t\t\t\t\t<\/div>\n\t\t\t\t<\/div>\n\t\t\t\t<div class=\"elementor-element elementor-element-8400279 ob-harakiri-inherit ob-has-background-overlay elementor-widget elementor-widget-text-editor\" data-id=\"8400279\" data-element_type=\"widget\" data-e-type=\"widget\" data-settings=\"{&quot;_ob_use_harakiri&quot;:&quot;yes&quot;,&quot;_ob_harakiri_writing_mode&quot;:&quot;inherit&quot;,&quot;_ob_postman_use&quot;:&quot;no&quot;,&quot;_ob_perspektive_use&quot;:&quot;no&quot;,&quot;_ob_poopart_use&quot;:&quot;yes&quot;,&quot;_ob_shadough_use&quot;:&quot;no&quot;,&quot;_ob_allow_hoveranimator&quot;:&quot;no&quot;,&quot;_ob_widget_stalker_use&quot;:&quot;no&quot;}\" data-widget_type=\"text-editor.default\">\n\t\t\t\t<div class=\"elementor-widget-container\">\n\t\t\t\t\t\t\t\t\t<p>Desafios e amea\u00e7as:<br \/>Apesar de suas contribui\u00e7\u00f5es significativas, as mulheres na Amaz\u00f4nia tamb\u00e9m enfrentam diversos desafios. Estas podem incluir quest\u00f5es relacionadas com os direitos \u00e0 terra, a viol\u00eancia e a invas\u00e3o de for\u00e7as externas que perturbam os seus modos de vida tradicionais.<\/p>\t\t\t\t\t\t\t\t<\/div>\n\t\t\t\t<\/div>\n\t\t\t\t<div class=\"elementor-element elementor-element-bb617d8 ob-harakiri-inherit ob-has-background-overlay elementor-widget elementor-widget-text-editor\" data-id=\"bb617d8\" data-element_type=\"widget\" data-e-type=\"widget\" data-settings=\"{&quot;_ob_use_harakiri&quot;:&quot;yes&quot;,&quot;_ob_harakiri_writing_mode&quot;:&quot;inherit&quot;,&quot;_ob_postman_use&quot;:&quot;no&quot;,&quot;_ob_perspektive_use&quot;:&quot;no&quot;,&quot;_ob_poopart_use&quot;:&quot;yes&quot;,&quot;_ob_shadough_use&quot;:&quot;no&quot;,&quot;_ob_allow_hoveranimator&quot;:&quot;no&quot;,&quot;_ob_widget_stalker_use&quot;:&quot;no&quot;}\" data-widget_type=\"text-editor.default\">\n\t\t\t\t<div class=\"elementor-widget-container\">\n\t\t\t\t\t\t\t\t\t<p>Representa\u00e7\u00e3o e Empoderamento:<br \/>Est\u00e3o em curso esfor\u00e7os para amplificar as vozes das mulheres amaz\u00f4nicas e garantir a sua representa\u00e7\u00e3o nos processos de tomada de decis\u00e3o. Organiza\u00e7\u00f5es e movimentos trabalham no sentido de empoderar as mulheres econ\u00f4micas, social e politicamente, reconhecendo a import\u00e2ncia da igualdade de g\u00eanero no desenvolvimento sustent\u00e1vel.<\/p>\t\t\t\t\t\t\t\t<\/div>\n\t\t\t\t<\/div>\n\t\t\t\t<div class=\"elementor-element elementor-element-7831aae ob-harakiri-inherit ob-has-background-overlay elementor-widget elementor-widget-text-editor\" data-id=\"7831aae\" data-element_type=\"widget\" data-e-type=\"widget\" data-settings=\"{&quot;_ob_use_harakiri&quot;:&quot;yes&quot;,&quot;_ob_harakiri_writing_mode&quot;:&quot;inherit&quot;,&quot;_ob_postman_use&quot;:&quot;no&quot;,&quot;_ob_perspektive_use&quot;:&quot;no&quot;,&quot;_ob_poopart_use&quot;:&quot;yes&quot;,&quot;_ob_shadough_use&quot;:&quot;no&quot;,&quot;_ob_allow_hoveranimator&quot;:&quot;no&quot;,&quot;_ob_widget_stalker_use&quot;:&quot;no&quot;}\" data-widget_type=\"text-editor.default\">\n\t\t\t\t<div class=\"elementor-widget-container\">\n\t\t\t\t\t\t\t\t\t<p>Compreender a hist\u00f3ria das mulheres na Amaz\u00f4nia \u00e9 semelhante a compreender as mulheres na sociedade moderna, no sentido de que exige o reconhecimento da diversidade de experi\u00eancias entre diferentes grupos e ao longo do tempo. Desde o seu papel na manuten\u00e7\u00e3o do patrim\u00f4nio cultural at\u00e9 \u00e0s suas lutas contempor\u00e2neas pela justi\u00e7a ambiental, as mulheres da Amaz\u00f3nia continuam a moldar a narrativa das suas comunidades e a contribuir significativamente para o di\u00e1logo global sobre os direitos ind\u00edgenas e a sustentabilidade ambiental.<\/p>\t\t\t\t\t\t\t\t<\/div>\n\t\t\t\t<\/div>\n\t\t\t\t\t<\/div>\n\t\t<\/div>\n\t\t\t\t\t<\/div>\n\t\t<\/section>\n\t\t\t\t<\/div>","protected":false},"excerpt":{"rendered":"<p>Unveiling the Societal Foundations of Women in the Amazon: Amerindian Myths of Lowland South America As we celebrate Women&#8217;s History Month, it&#8217;s essential to explore the rich tapestry of narratives that have shaped societies throughout history. Among these, the Amerindian myths of lowland South America stand out, painting a vivid picture of Amazon-like women and [&hellip;]<\/p>\n","protected":false},"author":6,"featured_media":2105,"comment_status":"closed","ping_status":"closed","sticky":false,"template":"","format":"standard","meta":{"give_campaign_id":0,"nf_dc_page":"","om_disable_all_campaigns":false,"_monsterinsights_skip_tracking":false,"_monsterinsights_sitenote_active":false,"_monsterinsights_sitenote_note":"","_monsterinsights_sitenote_category":0,"_jetpack_memberships_contains_paid_content":false,"footnotes":""},"categories":[1],"tags":[],"class_list":["post-2096","post","type-post","status-publish","format-standard","has-post-thumbnail","hentry","category-uncategorized"],"yoast_head":"<!-- This site is optimized with the Yoast SEO Premium plugin v26.0 (Yoast SEO v27.3) - https:\/\/yoast.com\/product\/yoast-seo-premium-wordpress\/ -->\n<title>Integrating Societal Foundations of Women with Sustainability across the Amazon - RFM Productions<\/title>\n<meta name=\"robots\" content=\"index, follow, max-snippet:-1, max-image-preview:large, max-video-preview:-1\" \/>\n<link rel=\"canonical\" href=\"https:\/\/rfmproductions.org\/pt\/unveiling-the-societal-foundations-of-women-in-the-amazon-amerindian-myths-of-lowland-south-america\/\" \/>\n<meta property=\"og:locale\" content=\"pt_BR\" \/>\n<meta property=\"og:type\" content=\"article\" \/>\n<meta property=\"og:title\" content=\"Integrating Societal Foundations of Women with Sustainability across the Amazon\" \/>\n<meta property=\"og:description\" content=\"Unveiling the Societal Foundations of Women in the Amazon: Amerindian Myths of Lowland South America As we celebrate Women&#8217;s History Month, it&#8217;s essential to explore the rich tapestry of narratives that have shaped societies throughout history. Among these, the Amerindian myths of lowland South America stand out, painting a vivid picture of Amazon-like women and [&hellip;]\" \/>\n<meta property=\"og:url\" content=\"https:\/\/rfmproductions.org\/pt\/unveiling-the-societal-foundations-of-women-in-the-amazon-amerindian-myths-of-lowland-south-america\/\" \/>\n<meta property=\"og:site_name\" content=\"RFM Productions\" \/>\n<meta property=\"article:published_time\" content=\"2024-03-01T04:58:49+00:00\" \/>\n<meta property=\"article:modified_time\" content=\"2024-10-05T07:14:41+00:00\" \/>\n<meta property=\"og:image\" content=\"https:\/\/rfmproductions.org\/wp-content\/uploads\/2024\/03\/GP0STU45B_Low_res-1.webp\" \/>\n\t<meta property=\"og:image:width\" content=\"800\" \/>\n\t<meta property=\"og:image:height\" content=\"533\" \/>\n\t<meta property=\"og:image:type\" content=\"image\/webp\" \/>\n<meta name=\"author\" content=\"Swapnil Kondekar\" \/>\n<meta name=\"twitter:card\" content=\"summary_large_image\" \/>\n<meta name=\"twitter:label1\" content=\"Escrito por\" \/>\n\t<meta name=\"twitter:data1\" content=\"Swapnil Kondekar\" \/>\n\t<meta name=\"twitter:label2\" content=\"Est. tempo de leitura\" \/>\n\t<meta name=\"twitter:data2\" content=\"4 minutos\" \/>\n<script type=\"application\/ld+json\" class=\"yoast-schema-graph\">{\"@context\":\"https:\\\/\\\/schema.org\",\"@graph\":[{\"@type\":\"Article\",\"@id\":\"https:\\\/\\\/rfmproductions.org\\\/unveiling-the-societal-foundations-of-women-in-the-amazon-amerindian-myths-of-lowland-south-america\\\/#article\",\"isPartOf\":{\"@id\":\"https:\\\/\\\/rfmproductions.org\\\/unveiling-the-societal-foundations-of-women-in-the-amazon-amerindian-myths-of-lowland-south-america\\\/\"},\"author\":{\"name\":\"Swapnil Kondekar\",\"@id\":\"http:\\\/\\\/box5236.temp.domains\\\/~rfmprodu\\\/#\\\/schema\\\/person\\\/04bd1a04e193ba2b3ecca3538779ca18\"},\"headline\":\"Integrating Societal Foundations of Women with Sustainability across the Amazon\",\"datePublished\":\"2024-03-01T04:58:49+00:00\",\"dateModified\":\"2024-10-05T07:14:41+00:00\",\"mainEntityOfPage\":{\"@id\":\"https:\\\/\\\/rfmproductions.org\\\/unveiling-the-societal-foundations-of-women-in-the-amazon-amerindian-myths-of-lowland-south-america\\\/\"},\"wordCount\":780,\"image\":{\"@id\":\"https:\\\/\\\/rfmproductions.org\\\/unveiling-the-societal-foundations-of-women-in-the-amazon-amerindian-myths-of-lowland-south-america\\\/#primaryimage\"},\"thumbnailUrl\":\"https:\\\/\\\/i0.wp.com\\\/rfmproductions.org\\\/wp-content\\\/uploads\\\/2024\\\/03\\\/GP0STU45B_Low_res-1.webp?fit=800%2C533&ssl=1\",\"articleSection\":[\"Uncategorized\"],\"inLanguage\":\"pt-BR\"},{\"@type\":\"WebPage\",\"@id\":\"https:\\\/\\\/rfmproductions.org\\\/unveiling-the-societal-foundations-of-women-in-the-amazon-amerindian-myths-of-lowland-south-america\\\/\",\"url\":\"https:\\\/\\\/rfmproductions.org\\\/unveiling-the-societal-foundations-of-women-in-the-amazon-amerindian-myths-of-lowland-south-america\\\/\",\"name\":\"Integrating Societal Foundations of Women with Sustainability across the Amazon - RFM Productions\",\"isPartOf\":{\"@id\":\"http:\\\/\\\/box5236.temp.domains\\\/~rfmprodu\\\/#website\"},\"primaryImageOfPage\":{\"@id\":\"https:\\\/\\\/rfmproductions.org\\\/unveiling-the-societal-foundations-of-women-in-the-amazon-amerindian-myths-of-lowland-south-america\\\/#primaryimage\"},\"image\":{\"@id\":\"https:\\\/\\\/rfmproductions.org\\\/unveiling-the-societal-foundations-of-women-in-the-amazon-amerindian-myths-of-lowland-south-america\\\/#primaryimage\"},\"thumbnailUrl\":\"https:\\\/\\\/i0.wp.com\\\/rfmproductions.org\\\/wp-content\\\/uploads\\\/2024\\\/03\\\/GP0STU45B_Low_res-1.webp?fit=800%2C533&ssl=1\",\"datePublished\":\"2024-03-01T04:58:49+00:00\",\"dateModified\":\"2024-10-05T07:14:41+00:00\",\"author\":{\"@id\":\"http:\\\/\\\/box5236.temp.domains\\\/~rfmprodu\\\/#\\\/schema\\\/person\\\/04bd1a04e193ba2b3ecca3538779ca18\"},\"breadcrumb\":{\"@id\":\"https:\\\/\\\/rfmproductions.org\\\/unveiling-the-societal-foundations-of-women-in-the-amazon-amerindian-myths-of-lowland-south-america\\\/#breadcrumb\"},\"inLanguage\":\"pt-BR\",\"potentialAction\":[{\"@type\":\"ReadAction\",\"target\":[\"https:\\\/\\\/rfmproductions.org\\\/unveiling-the-societal-foundations-of-women-in-the-amazon-amerindian-myths-of-lowland-south-america\\\/\"]}]},{\"@type\":\"ImageObject\",\"inLanguage\":\"pt-BR\",\"@id\":\"https:\\\/\\\/rfmproductions.org\\\/unveiling-the-societal-foundations-of-women-in-the-amazon-amerindian-myths-of-lowland-south-america\\\/#primaryimage\",\"url\":\"https:\\\/\\\/i0.wp.com\\\/rfmproductions.org\\\/wp-content\\\/uploads\\\/2024\\\/03\\\/GP0STU45B_Low_res-1.webp?fit=800%2C533&ssl=1\",\"contentUrl\":\"https:\\\/\\\/i0.wp.com\\\/rfmproductions.org\\\/wp-content\\\/uploads\\\/2024\\\/03\\\/GP0STU45B_Low_res-1.webp?fit=800%2C533&ssl=1\",\"width\":800,\"height\":533},{\"@type\":\"BreadcrumbList\",\"@id\":\"https:\\\/\\\/rfmproductions.org\\\/unveiling-the-societal-foundations-of-women-in-the-amazon-amerindian-myths-of-lowland-south-america\\\/#breadcrumb\",\"itemListElement\":[{\"@type\":\"ListItem\",\"position\":1,\"name\":\"Home\",\"item\":\"https:\\\/\\\/rfmproductions.org\\\/\"},{\"@type\":\"ListItem\",\"position\":2,\"name\":\"Integrating Societal Foundations of Women with Sustainability across the Amazon\"}]},{\"@type\":\"WebSite\",\"@id\":\"http:\\\/\\\/box5236.temp.domains\\\/~rfmprodu\\\/#website\",\"url\":\"http:\\\/\\\/box5236.temp.domains\\\/~rfmprodu\\\/\",\"name\":\"RFM Productions\",\"description\":\"RFM Productions is the only minority and women-led nonprofit, nonpartisan organization\",\"potentialAction\":[{\"@type\":\"SearchAction\",\"target\":{\"@type\":\"EntryPoint\",\"urlTemplate\":\"http:\\\/\\\/box5236.temp.domains\\\/~rfmprodu\\\/?s={search_term_string}\"},\"query-input\":{\"@type\":\"PropertyValueSpecification\",\"valueRequired\":true,\"valueName\":\"search_term_string\"}}],\"inLanguage\":\"pt-BR\"},{\"@type\":\"Person\",\"@id\":\"http:\\\/\\\/box5236.temp.domains\\\/~rfmprodu\\\/#\\\/schema\\\/person\\\/04bd1a04e193ba2b3ecca3538779ca18\",\"name\":\"Swapnil Kondekar\",\"image\":{\"@type\":\"ImageObject\",\"inLanguage\":\"pt-BR\",\"@id\":\"https:\\\/\\\/secure.gravatar.com\\\/avatar\\\/e8b3c592c6b2b7376b973504c737409e10fee02bce55dfcdcec1ae74056bf492?s=96&d=mm&r=g\",\"url\":\"https:\\\/\\\/secure.gravatar.com\\\/avatar\\\/e8b3c592c6b2b7376b973504c737409e10fee02bce55dfcdcec1ae74056bf492?s=96&d=mm&r=g\",\"contentUrl\":\"https:\\\/\\\/secure.gravatar.com\\\/avatar\\\/e8b3c592c6b2b7376b973504c737409e10fee02bce55dfcdcec1ae74056bf492?s=96&d=mm&r=g\",\"caption\":\"Swapnil Kondekar\"},\"url\":\"https:\\\/\\\/rfmproductions.org\\\/pt\\\/author\\\/swapnildk\\\/\"}]}<\/script>\n<!-- \/ Yoast SEO Premium plugin. -->","yoast_head_json":{"title":"Integrating Societal Foundations of Women with Sustainability across the Amazon - RFM Productions","robots":{"index":"index","follow":"follow","max-snippet":"max-snippet:-1","max-image-preview":"max-image-preview:large","max-video-preview":"max-video-preview:-1"},"canonical":"https:\/\/rfmproductions.org\/pt\/unveiling-the-societal-foundations-of-women-in-the-amazon-amerindian-myths-of-lowland-south-america\/","og_locale":"pt_BR","og_type":"article","og_title":"Integrating Societal Foundations of Women with Sustainability across the Amazon","og_description":"Unveiling the Societal Foundations of Women in the Amazon: Amerindian Myths of Lowland South America As we celebrate Women&#8217;s History Month, it&#8217;s essential to explore the rich tapestry of narratives that have shaped societies throughout history. Among these, the Amerindian myths of lowland South America stand out, painting a vivid picture of Amazon-like women and [&hellip;]","og_url":"https:\/\/rfmproductions.org\/pt\/unveiling-the-societal-foundations-of-women-in-the-amazon-amerindian-myths-of-lowland-south-america\/","og_site_name":"RFM Productions","article_published_time":"2024-03-01T04:58:49+00:00","article_modified_time":"2024-10-05T07:14:41+00:00","og_image":[{"width":800,"height":533,"url":"https:\/\/rfmproductions.org\/wp-content\/uploads\/2024\/03\/GP0STU45B_Low_res-1.webp","type":"image\/webp"}],"author":"Swapnil Kondekar","twitter_card":"summary_large_image","twitter_misc":{"Escrito por":"Swapnil Kondekar","Est. tempo de leitura":"4 minutos"},"schema":{"@context":"https:\/\/schema.org","@graph":[{"@type":"Article","@id":"https:\/\/rfmproductions.org\/unveiling-the-societal-foundations-of-women-in-the-amazon-amerindian-myths-of-lowland-south-america\/#article","isPartOf":{"@id":"https:\/\/rfmproductions.org\/unveiling-the-societal-foundations-of-women-in-the-amazon-amerindian-myths-of-lowland-south-america\/"},"author":{"name":"Swapnil Kondekar","@id":"http:\/\/box5236.temp.domains\/~rfmprodu\/#\/schema\/person\/04bd1a04e193ba2b3ecca3538779ca18"},"headline":"Integrating Societal Foundations of Women with Sustainability across the Amazon","datePublished":"2024-03-01T04:58:49+00:00","dateModified":"2024-10-05T07:14:41+00:00","mainEntityOfPage":{"@id":"https:\/\/rfmproductions.org\/unveiling-the-societal-foundations-of-women-in-the-amazon-amerindian-myths-of-lowland-south-america\/"},"wordCount":780,"image":{"@id":"https:\/\/rfmproductions.org\/unveiling-the-societal-foundations-of-women-in-the-amazon-amerindian-myths-of-lowland-south-america\/#primaryimage"},"thumbnailUrl":"https:\/\/i0.wp.com\/rfmproductions.org\/wp-content\/uploads\/2024\/03\/GP0STU45B_Low_res-1.webp?fit=800%2C533&ssl=1","articleSection":["Uncategorized"],"inLanguage":"pt-BR"},{"@type":"WebPage","@id":"https:\/\/rfmproductions.org\/unveiling-the-societal-foundations-of-women-in-the-amazon-amerindian-myths-of-lowland-south-america\/","url":"https:\/\/rfmproductions.org\/unveiling-the-societal-foundations-of-women-in-the-amazon-amerindian-myths-of-lowland-south-america\/","name":"Integrating Societal Foundations of Women with Sustainability across the Amazon - RFM Productions","isPartOf":{"@id":"http:\/\/box5236.temp.domains\/~rfmprodu\/#website"},"primaryImageOfPage":{"@id":"https:\/\/rfmproductions.org\/unveiling-the-societal-foundations-of-women-in-the-amazon-amerindian-myths-of-lowland-south-america\/#primaryimage"},"image":{"@id":"https:\/\/rfmproductions.org\/unveiling-the-societal-foundations-of-women-in-the-amazon-amerindian-myths-of-lowland-south-america\/#primaryimage"},"thumbnailUrl":"https:\/\/i0.wp.com\/rfmproductions.org\/wp-content\/uploads\/2024\/03\/GP0STU45B_Low_res-1.webp?fit=800%2C533&ssl=1","datePublished":"2024-03-01T04:58:49+00:00","dateModified":"2024-10-05T07:14:41+00:00","author":{"@id":"http:\/\/box5236.temp.domains\/~rfmprodu\/#\/schema\/person\/04bd1a04e193ba2b3ecca3538779ca18"},"breadcrumb":{"@id":"https:\/\/rfmproductions.org\/unveiling-the-societal-foundations-of-women-in-the-amazon-amerindian-myths-of-lowland-south-america\/#breadcrumb"},"inLanguage":"pt-BR","potentialAction":[{"@type":"ReadAction","target":["https:\/\/rfmproductions.org\/unveiling-the-societal-foundations-of-women-in-the-amazon-amerindian-myths-of-lowland-south-america\/"]}]},{"@type":"ImageObject","inLanguage":"pt-BR","@id":"https:\/\/rfmproductions.org\/unveiling-the-societal-foundations-of-women-in-the-amazon-amerindian-myths-of-lowland-south-america\/#primaryimage","url":"https:\/\/i0.wp.com\/rfmproductions.org\/wp-content\/uploads\/2024\/03\/GP0STU45B_Low_res-1.webp?fit=800%2C533&ssl=1","contentUrl":"https:\/\/i0.wp.com\/rfmproductions.org\/wp-content\/uploads\/2024\/03\/GP0STU45B_Low_res-1.webp?fit=800%2C533&ssl=1","width":800,"height":533},{"@type":"BreadcrumbList","@id":"https:\/\/rfmproductions.org\/unveiling-the-societal-foundations-of-women-in-the-amazon-amerindian-myths-of-lowland-south-america\/#breadcrumb","itemListElement":[{"@type":"ListItem","position":1,"name":"Home","item":"https:\/\/rfmproductions.org\/"},{"@type":"ListItem","position":2,"name":"Integrating Societal Foundations of Women with Sustainability across the Amazon"}]},{"@type":"WebSite","@id":"http:\/\/box5236.temp.domains\/~rfmprodu\/#website","url":"http:\/\/box5236.temp.domains\/~rfmprodu\/","name":"RFM Productions","description":"RFM Productions is the only minority and women-led nonprofit, nonpartisan organization","potentialAction":[{"@type":"SearchAction","target":{"@type":"EntryPoint","urlTemplate":"http:\/\/box5236.temp.domains\/~rfmprodu\/?s={search_term_string}"},"query-input":{"@type":"PropertyValueSpecification","valueRequired":true,"valueName":"search_term_string"}}],"inLanguage":"pt-BR"},{"@type":"Person","@id":"http:\/\/box5236.temp.domains\/~rfmprodu\/#\/schema\/person\/04bd1a04e193ba2b3ecca3538779ca18","name":"Swapnil Kondekar","image":{"@type":"ImageObject","inLanguage":"pt-BR","@id":"https:\/\/secure.gravatar.com\/avatar\/e8b3c592c6b2b7376b973504c737409e10fee02bce55dfcdcec1ae74056bf492?s=96&d=mm&r=g","url":"https:\/\/secure.gravatar.com\/avatar\/e8b3c592c6b2b7376b973504c737409e10fee02bce55dfcdcec1ae74056bf492?s=96&d=mm&r=g","contentUrl":"https:\/\/secure.gravatar.com\/avatar\/e8b3c592c6b2b7376b973504c737409e10fee02bce55dfcdcec1ae74056bf492?s=96&d=mm&r=g","caption":"Swapnil Kondekar"},"url":"https:\/\/rfmproductions.org\/pt\/author\/swapnildk\/"}]}},"jetpack_featured_media_url":"https:\/\/i0.wp.com\/rfmproductions.org\/wp-content\/uploads\/2024\/03\/GP0STU45B_Low_res-1.webp?fit=800%2C533&ssl=1","jetpack_sharing_enabled":true,"_links":{"self":[{"href":"https:\/\/rfmproductions.org\/pt\/wp-json\/wp\/v2\/posts\/2096","targetHints":{"allow":["GET"]}}],"collection":[{"href":"https:\/\/rfmproductions.org\/pt\/wp-json\/wp\/v2\/posts"}],"about":[{"href":"https:\/\/rfmproductions.org\/pt\/wp-json\/wp\/v2\/types\/post"}],"author":[{"embeddable":true,"href":"https:\/\/rfmproductions.org\/pt\/wp-json\/wp\/v2\/users\/6"}],"replies":[{"embeddable":true,"href":"https:\/\/rfmproductions.org\/pt\/wp-json\/wp\/v2\/comments?post=2096"}],"version-history":[{"count":7,"href":"https:\/\/rfmproductions.org\/pt\/wp-json\/wp\/v2\/posts\/2096\/revisions"}],"predecessor-version":[{"id":2436,"href":"https:\/\/rfmproductions.org\/pt\/wp-json\/wp\/v2\/posts\/2096\/revisions\/2436"}],"wp:featuredmedia":[{"embeddable":true,"href":"https:\/\/rfmproductions.org\/pt\/wp-json\/wp\/v2\/media\/2105"}],"wp:attachment":[{"href":"https:\/\/rfmproductions.org\/pt\/wp-json\/wp\/v2\/media?parent=2096"}],"wp:term":[{"taxonomy":"category","embeddable":true,"href":"https:\/\/rfmproductions.org\/pt\/wp-json\/wp\/v2\/categories?post=2096"},{"taxonomy":"post_tag","embeddable":true,"href":"https:\/\/rfmproductions.org\/pt\/wp-json\/wp\/v2\/tags?post=2096"}],"curies":[{"name":"wp","href":"https:\/\/api.w.org\/{rel}","templated":true}]}}