{"id":2083,"date":"2024-02-28T02:51:31","date_gmt":"2024-02-28T02:51:31","guid":{"rendered":"https:\/\/rfmproductions.org\/?p=2083"},"modified":"2024-10-05T07:16:15","modified_gmt":"2024-10-05T07:16:15","slug":"seeds-of-change-can-community-seed-banks-be-the-beacon-of-hope-for-the-amazon-rainforest","status":"publish","type":"post","link":"https:\/\/rfmproductions.org\/pt\/seeds-of-change-can-community-seed-banks-be-the-beacon-of-hope-for-the-amazon-rainforest\/","title":{"rendered":"Can Seeds and Tree Reforestation be the Carbon Solution we Need? A Beacon of Hope for the Amazon Rainforest"},"content":{"rendered":"<div data-elementor-type=\"wp-post\" data-elementor-id=\"2083\" class=\"elementor elementor-2083\">\n\t\t\t\t\t\t<section class=\"ob-is-breaking-bad elementor-section elementor-top-section elementor-element elementor-element-ba453cc elementor-section-boxed elementor-section-height-default elementor-section-height-default\" data-id=\"ba453cc\" data-element_type=\"section\" data-e-type=\"section\" data-settings=\"{&quot;_ob_bbad_use_it&quot;:&quot;yes&quot;,&quot;_ob_bbad_sssic_use&quot;:&quot;no&quot;,&quot;_ob_glider_is_slider&quot;:&quot;no&quot;}\">\n\t\t\t\t\t\t<div class=\"elementor-container elementor-column-gap-default\">\n\t\t\t\t\t<div class=\"elementor-column elementor-col-100 elementor-top-column elementor-element elementor-element-7e26169\" data-id=\"7e26169\" data-element_type=\"column\" data-e-type=\"column\" data-settings=\"{&quot;_ob_bbad_is_stalker&quot;:&quot;no&quot;,&quot;_ob_teleporter_use&quot;:false,&quot;_ob_column_hoveranimator&quot;:&quot;no&quot;,&quot;_ob_column_has_pseudo&quot;:&quot;no&quot;}\">\n\t\t\t<div class=\"elementor-widget-wrap elementor-element-populated\">\n\t\t\t\t\t\t<div class=\"elementor-element elementor-element-f081b0f ob-harakiri-inherit ob-has-background-overlay elementor-widget elementor-widget-heading\" data-id=\"f081b0f\" data-element_type=\"widget\" data-e-type=\"widget\" data-settings=\"{&quot;_ob_use_harakiri&quot;:&quot;yes&quot;,&quot;_ob_harakiri_writing_mode&quot;:&quot;inherit&quot;,&quot;_ob_harakiri_text_clip&quot;:&quot;none&quot;,&quot;_ob_perspektive_use&quot;:&quot;no&quot;,&quot;_ob_poopart_use&quot;:&quot;yes&quot;,&quot;_ob_shadough_use&quot;:&quot;no&quot;,&quot;_ob_allow_hoveranimator&quot;:&quot;no&quot;,&quot;_ob_widget_stalker_use&quot;:&quot;no&quot;}\" data-widget_type=\"heading.default\">\n\t\t\t\t<div class=\"elementor-widget-container\">\n\t\t\t\t\t<h2 class=\"elementor-heading-title elementor-size-default\">Sementes de mudan\u00e7a: os Bancos Comunit\u00e1rios de Sementes podem ser o farol da esperan\u00e7a para a Floresta Amaz\u00f4nica?<\/h2>\t\t\t\t<\/div>\n\t\t\t\t<\/div>\n\t\t\t\t\t<\/div>\n\t\t<\/div>\n\t\t\t\t\t<\/div>\n\t\t<\/section>\n\t\t\t\t<section class=\"ob-is-breaking-bad elementor-section elementor-top-section elementor-element elementor-element-697e5d8 elementor-section-boxed elementor-section-height-default elementor-section-height-default\" data-id=\"697e5d8\" data-element_type=\"section\" data-e-type=\"section\" data-settings=\"{&quot;_ob_bbad_use_it&quot;:&quot;yes&quot;,&quot;_ob_bbad_sssic_use&quot;:&quot;no&quot;,&quot;_ob_glider_is_slider&quot;:&quot;no&quot;}\">\n\t\t\t\t\t\t<div class=\"elementor-container elementor-column-gap-default\">\n\t\t\t\t\t<div class=\"elementor-column elementor-col-100 elementor-top-column elementor-element elementor-element-37a75706\" data-id=\"37a75706\" data-element_type=\"column\" data-e-type=\"column\" data-settings=\"{&quot;_ob_bbad_is_stalker&quot;:&quot;no&quot;,&quot;_ob_teleporter_use&quot;:false,&quot;_ob_column_hoveranimator&quot;:&quot;no&quot;,&quot;_ob_column_has_pseudo&quot;:&quot;no&quot;}\">\n\t\t\t<div class=\"elementor-widget-wrap elementor-element-populated\">\n\t\t\t\t\t\t<div class=\"elementor-element elementor-element-77d68dbf ob-harakiri-inherit ob-has-background-overlay elementor-widget elementor-widget-text-editor\" data-id=\"77d68dbf\" data-element_type=\"widget\" data-e-type=\"widget\" data-settings=\"{&quot;_ob_use_harakiri&quot;:&quot;yes&quot;,&quot;_ob_harakiri_writing_mode&quot;:&quot;inherit&quot;,&quot;_ob_postman_use&quot;:&quot;no&quot;,&quot;_ob_perspektive_use&quot;:&quot;no&quot;,&quot;_ob_poopart_use&quot;:&quot;yes&quot;,&quot;_ob_shadough_use&quot;:&quot;no&quot;,&quot;_ob_allow_hoveranimator&quot;:&quot;no&quot;,&quot;_ob_widget_stalker_use&quot;:&quot;no&quot;}\" data-widget_type=\"text-editor.default\">\n\t\t\t\t<div class=\"elementor-widget-container\">\n\t\t\t\t\t\t\t\t\t<p><span style=\"font-weight: 400;\">No cora\u00e7\u00e3o da cintura da soja no Brasil, onde a monocultura substituiu vastas extens\u00f5es da floresta amaz\u00f4nica, um movimento popular est\u00e1 emergindo como um farol de esperan\u00e7a que est\u00e1 se espalhando por todo o mundo.<\/span><\/p>\t\t\t\t\t\t\t\t<\/div>\n\t\t\t\t<\/div>\n\t\t\t\t<div class=\"elementor-element elementor-element-4b2817b ob-harakiri-inherit ob-has-background-overlay elementor-widget elementor-widget-text-editor\" data-id=\"4b2817b\" data-element_type=\"widget\" data-e-type=\"widget\" data-settings=\"{&quot;_ob_use_harakiri&quot;:&quot;yes&quot;,&quot;_ob_harakiri_writing_mode&quot;:&quot;inherit&quot;,&quot;_ob_postman_use&quot;:&quot;no&quot;,&quot;_ob_perspektive_use&quot;:&quot;no&quot;,&quot;_ob_poopart_use&quot;:&quot;yes&quot;,&quot;_ob_shadough_use&quot;:&quot;no&quot;,&quot;_ob_allow_hoveranimator&quot;:&quot;no&quot;,&quot;_ob_widget_stalker_use&quot;:&quot;no&quot;}\" data-widget_type=\"text-editor.default\">\n\t\t\t\t<div class=\"elementor-widget-container\">\n\t\t\t\t\t\t\t\t\t<p><span style=\"font-weight: 400;\">N\u00e3o \u00e9 segredo que a floresta amaz\u00f4nica continua a enfrentar desafios ambientais, especialmente as comunidades tradicionais, incluindo secas severas e mudan\u00e7as nos padr\u00f5es clim\u00e1ticos devido \u00e0s planta\u00e7\u00f5es de soja em grande escala, entre outras coisas.<\/span><\/p>\t\t\t\t\t\t\t\t<\/div>\n\t\t\t\t<\/div>\n\t\t\t\t<div class=\"elementor-element elementor-element-97ded8d ob-harakiri-inherit ob-has-background-overlay elementor-widget elementor-widget-text-editor\" data-id=\"97ded8d\" data-element_type=\"widget\" data-e-type=\"widget\" data-settings=\"{&quot;_ob_use_harakiri&quot;:&quot;yes&quot;,&quot;_ob_harakiri_writing_mode&quot;:&quot;inherit&quot;,&quot;_ob_postman_use&quot;:&quot;no&quot;,&quot;_ob_perspektive_use&quot;:&quot;no&quot;,&quot;_ob_poopart_use&quot;:&quot;yes&quot;,&quot;_ob_shadough_use&quot;:&quot;no&quot;,&quot;_ob_allow_hoveranimator&quot;:&quot;no&quot;,&quot;_ob_widget_stalker_use&quot;:&quot;no&quot;}\" data-widget_type=\"text-editor.default\">\n\t\t\t\t<div class=\"elementor-widget-container\">\n\t\t\t\t\t\t\t\t\t<p><span style=\"font-weight: 400;\">Os ambientalistas e os povos ind\u00edgenas n\u00e3o est\u00e3o testemunhando passivamente a destrui\u00e7\u00e3o; em vez disso, eles est\u00e3o agindo. <\/span><\/p>\t\t\t\t\t\t\t\t<\/div>\n\t\t\t\t<\/div>\n\t\t\t\t<div class=\"elementor-element elementor-element-ff20461 ob-harakiri-inherit ob-has-background-overlay elementor-widget elementor-widget-text-editor\" data-id=\"ff20461\" data-element_type=\"widget\" data-e-type=\"widget\" data-settings=\"{&quot;_ob_use_harakiri&quot;:&quot;yes&quot;,&quot;_ob_harakiri_writing_mode&quot;:&quot;inherit&quot;,&quot;_ob_postman_use&quot;:&quot;no&quot;,&quot;_ob_perspektive_use&quot;:&quot;no&quot;,&quot;_ob_poopart_use&quot;:&quot;yes&quot;,&quot;_ob_shadough_use&quot;:&quot;no&quot;,&quot;_ob_allow_hoveranimator&quot;:&quot;no&quot;,&quot;_ob_widget_stalker_use&quot;:&quot;no&quot;}\" data-widget_type=\"text-editor.default\">\n\t\t\t\t<div class=\"elementor-widget-container\">\n\t\t\t\t\t\t\t\t\t<p><span style=\"font-weight: 400;\">Poderia a cria\u00e7\u00e3o de bancos comunit\u00e1rios de sementes e esfor\u00e7os de refloresta\u00e7\u00e3o com esp\u00e9cies nativas da Amaz\u00f4nia ser a solu\u00e7\u00e3o para a nossa luta contra o desmatamento e as altera\u00e7\u00f5es clim\u00e1ticas?<\/span><\/p>\t\t\t\t\t\t\t\t<\/div>\n\t\t\t\t<\/div>\n\t\t\t\t<div class=\"elementor-element elementor-element-ec8c927 ob-harakiri-inherit ob-has-background-overlay elementor-widget elementor-widget-text-editor\" data-id=\"ec8c927\" data-element_type=\"widget\" data-e-type=\"widget\" data-settings=\"{&quot;_ob_use_harakiri&quot;:&quot;yes&quot;,&quot;_ob_harakiri_writing_mode&quot;:&quot;inherit&quot;,&quot;_ob_postman_use&quot;:&quot;no&quot;,&quot;_ob_perspektive_use&quot;:&quot;no&quot;,&quot;_ob_poopart_use&quot;:&quot;yes&quot;,&quot;_ob_shadough_use&quot;:&quot;no&quot;,&quot;_ob_allow_hoveranimator&quot;:&quot;no&quot;,&quot;_ob_widget_stalker_use&quot;:&quot;no&quot;}\" data-widget_type=\"text-editor.default\">\n\t\t\t\t<div class=\"elementor-widget-container\">\n\t\t\t\t\t\t\t\t\t<p><span style=\"font-weight: 400;\">Se sim, podemos ajudar a preservar as plantas nativas em todo o mundo, plantando-as n\u00f3s mesmos e trocando-as entre si atrav\u00e9s de um banco de sementes nativas?\u00a0<\/span><\/p>\t\t\t\t\t\t\t\t<\/div>\n\t\t\t\t<\/div>\n\t\t\t\t<div class=\"elementor-element elementor-element-6683322 ob-harakiri-inherit ob-has-background-overlay elementor-widget elementor-widget-text-editor\" data-id=\"6683322\" data-element_type=\"widget\" data-e-type=\"widget\" data-settings=\"{&quot;_ob_use_harakiri&quot;:&quot;yes&quot;,&quot;_ob_harakiri_writing_mode&quot;:&quot;inherit&quot;,&quot;_ob_postman_use&quot;:&quot;no&quot;,&quot;_ob_perspektive_use&quot;:&quot;no&quot;,&quot;_ob_poopart_use&quot;:&quot;yes&quot;,&quot;_ob_shadough_use&quot;:&quot;no&quot;,&quot;_ob_allow_hoveranimator&quot;:&quot;no&quot;,&quot;_ob_widget_stalker_use&quot;:&quot;no&quot;}\" data-widget_type=\"text-editor.default\">\n\t\t\t\t<div class=\"elementor-widget-container\">\n\t\t\t\t\t\t\t\t\t<p><span style=\"font-weight: 400;\">Esta \u00e9 uma nova iniciativa para a RFM e uma estrat\u00e9gia fundamental para enfrentar a crise ambiental e mitigar os impactos do agroneg\u00f3cio na floresta amaz\u00f4nica, ao mesmo tempo que permite uma transforma\u00e7\u00e3o coletiva em todo o mundo.\u00a0<\/span><\/p>\t\t\t\t\t\t\t\t<\/div>\n\t\t\t\t<\/div>\n\t\t\t\t<div class=\"elementor-element elementor-element-97f4814 ob-harakiri-inherit ob-has-background-overlay elementor-widget elementor-widget-text-editor\" data-id=\"97f4814\" data-element_type=\"widget\" data-e-type=\"widget\" data-settings=\"{&quot;_ob_use_harakiri&quot;:&quot;yes&quot;,&quot;_ob_harakiri_writing_mode&quot;:&quot;inherit&quot;,&quot;_ob_postman_use&quot;:&quot;no&quot;,&quot;_ob_perspektive_use&quot;:&quot;no&quot;,&quot;_ob_poopart_use&quot;:&quot;yes&quot;,&quot;_ob_shadough_use&quot;:&quot;no&quot;,&quot;_ob_allow_hoveranimator&quot;:&quot;no&quot;,&quot;_ob_widget_stalker_use&quot;:&quot;no&quot;}\" data-widget_type=\"text-editor.default\">\n\t\t\t\t<div class=\"elementor-widget-container\">\n\t\t\t\t\t\t\t\t\t<p><span style=\"font-weight: 400;\">A RFM est\u00e1 ativamente envolvida com especialistas locais no reflorestamento da regi\u00e3o atrav\u00e9s do plantio de sementes de esp\u00e9cies nativas da floresta tropical e enfatiza a dificuldade do plantio de \u00e1rvores e destaca a import\u00e2ncia da partilha de sementes para evitar o seu desaparecimento.<\/span><\/p>\t\t\t\t\t\t\t\t<\/div>\n\t\t\t\t<\/div>\n\t\t\t\t<div class=\"elementor-element elementor-element-7013a66 ob-harakiri-inherit ob-has-background-overlay elementor-widget elementor-widget-text-editor\" data-id=\"7013a66\" data-element_type=\"widget\" data-e-type=\"widget\" data-settings=\"{&quot;_ob_use_harakiri&quot;:&quot;yes&quot;,&quot;_ob_harakiri_writing_mode&quot;:&quot;inherit&quot;,&quot;_ob_postman_use&quot;:&quot;no&quot;,&quot;_ob_perspektive_use&quot;:&quot;no&quot;,&quot;_ob_poopart_use&quot;:&quot;yes&quot;,&quot;_ob_shadough_use&quot;:&quot;no&quot;,&quot;_ob_allow_hoveranimator&quot;:&quot;no&quot;,&quot;_ob_widget_stalker_use&quot;:&quot;no&quot;}\" data-widget_type=\"text-editor.default\">\n\t\t\t\t<div class=\"elementor-widget-container\">\n\t\t\t\t\t\t\t\t\t<p><span style=\"font-weight: 400;\">Este ano, a RFM explora o impulso crescente das iniciativas locais de sementes em toda a floresta tropical, enfatizando o seu papel nos esfor\u00e7os de refloresta\u00e7\u00e3o. A RFM participa em projetos que se alinham com os compromissos ambientais para reabilitar terras desmatadas at\u00e9 2030 e preservar esp\u00e9cies nativas.<\/span><\/p>\t\t\t\t\t\t\t\t<\/div>\n\t\t\t\t<\/div>\n\t\t\t\t<div class=\"elementor-element elementor-element-d3fd0f2 ob-harakiri-inherit ob-has-background-overlay elementor-widget elementor-widget-text-editor\" data-id=\"d3fd0f2\" data-element_type=\"widget\" data-e-type=\"widget\" data-settings=\"{&quot;_ob_use_harakiri&quot;:&quot;yes&quot;,&quot;_ob_harakiri_writing_mode&quot;:&quot;inherit&quot;,&quot;_ob_postman_use&quot;:&quot;no&quot;,&quot;_ob_perspektive_use&quot;:&quot;no&quot;,&quot;_ob_poopart_use&quot;:&quot;yes&quot;,&quot;_ob_shadough_use&quot;:&quot;no&quot;,&quot;_ob_allow_hoveranimator&quot;:&quot;no&quot;,&quot;_ob_widget_stalker_use&quot;:&quot;no&quot;}\" data-widget_type=\"text-editor.default\">\n\t\t\t\t<div class=\"elementor-widget-container\">\n\t\t\t\t\t\t\t\t\t<p><span style=\"font-weight: 400;\">Esta iniciativa mergulha na intrincada conex\u00e3o entre a agricultura em grande escala, as mudan\u00e7as clim\u00e1ticas e os impactos devastadores na Amaz\u00f4nia em meio \u00e0 import\u00e2ncia da preserva\u00e7\u00e3o das plantas nativas. Ao aderir a esta iniciativa, n\u00e3o estamos apenas a destacar o papel das florestas como componentes essenciais na regula\u00e7\u00e3o do clima e do ciclo da \u00e1gua, mas tamb\u00e9m a sublinhar a necessidade de uma mudan\u00e7a para um modelo agroflorestal transformador colectivo que inclua todos para preservar a produtividade agr\u00edcola e a estabilidade ambiental.<\/span><\/p>\t\t\t\t\t\t\t\t<\/div>\n\t\t\t\t<\/div>\n\t\t\t\t<div class=\"elementor-element elementor-element-201851e ob-harakiri-inherit ob-has-background-overlay elementor-widget elementor-widget-text-editor\" data-id=\"201851e\" data-element_type=\"widget\" data-e-type=\"widget\" data-settings=\"{&quot;_ob_use_harakiri&quot;:&quot;yes&quot;,&quot;_ob_harakiri_writing_mode&quot;:&quot;inherit&quot;,&quot;_ob_postman_use&quot;:&quot;no&quot;,&quot;_ob_perspektive_use&quot;:&quot;no&quot;,&quot;_ob_poopart_use&quot;:&quot;yes&quot;,&quot;_ob_shadough_use&quot;:&quot;no&quot;,&quot;_ob_allow_hoveranimator&quot;:&quot;no&quot;,&quot;_ob_widget_stalker_use&quot;:&quot;no&quot;}\" data-widget_type=\"text-editor.default\">\n\t\t\t\t<div class=\"elementor-widget-container\">\n\t\t\t\t\t\t\t\t\t<p><span style=\"font-weight: 400;\">Tal como acontece com os nativos locais da floresta tropical, a RFM espera introduzir o conceito de \u201cmuvuca\u201d, um m\u00e9todo utilizado por projectos comunit\u00e1rios de sementes que envolve a distribui\u00e7\u00e3o de diversas misturas de sementes nativas em \u00e1reas degradadas, nas m\u00e3os de activistas clim\u00e1ticos em todo o mundo. Esta t\u00e9cnica imita o ambiente florestal natural, contribuindo para o aumento da biodiversidade e para a restaura\u00e7\u00e3o ecol\u00f3gica.<\/span><\/p>\t\t\t\t\t\t\t\t<\/div>\n\t\t\t\t<\/div>\n\t\t\t\t<div class=\"elementor-element elementor-element-69886ff ob-harakiri-inherit ob-has-background-overlay elementor-widget elementor-widget-text-editor\" data-id=\"69886ff\" data-element_type=\"widget\" data-e-type=\"widget\" data-settings=\"{&quot;_ob_use_harakiri&quot;:&quot;yes&quot;,&quot;_ob_harakiri_writing_mode&quot;:&quot;inherit&quot;,&quot;_ob_postman_use&quot;:&quot;no&quot;,&quot;_ob_perspektive_use&quot;:&quot;no&quot;,&quot;_ob_poopart_use&quot;:&quot;yes&quot;,&quot;_ob_shadough_use&quot;:&quot;no&quot;,&quot;_ob_allow_hoveranimator&quot;:&quot;no&quot;,&quot;_ob_widget_stalker_use&quot;:&quot;no&quot;}\" data-widget_type=\"text-editor.default\">\n\t\t\t\t<div class=\"elementor-widget-container\">\n\t\t\t\t\t\t\t\t\t<p><span style=\"font-weight: 400;\">Al\u00e9m disso, a iniciativa do banco de sementes explora a forma como estas iniciativas de sementes contribuem para a preserva\u00e7\u00e3o das culturas ind\u00edgenas, ao mesmo tempo que capacita os ambientalistas que est\u00e3o amea\u00e7ados pelo desaparecimento de esp\u00e9cies de plantas tradicionais e pela ansiedade clim\u00e1tica. <\/span><\/p>\t\t\t\t\t\t\t\t<\/div>\n\t\t\t\t<\/div>\n\t\t\t\t<div class=\"elementor-element elementor-element-34c7f6a ob-harakiri-inherit ob-has-background-overlay elementor-widget elementor-widget-text-editor\" data-id=\"34c7f6a\" data-element_type=\"widget\" data-e-type=\"widget\" data-settings=\"{&quot;_ob_use_harakiri&quot;:&quot;yes&quot;,&quot;_ob_harakiri_writing_mode&quot;:&quot;inherit&quot;,&quot;_ob_postman_use&quot;:&quot;no&quot;,&quot;_ob_perspektive_use&quot;:&quot;no&quot;,&quot;_ob_poopart_use&quot;:&quot;yes&quot;,&quot;_ob_shadough_use&quot;:&quot;no&quot;,&quot;_ob_allow_hoveranimator&quot;:&quot;no&quot;,&quot;_ob_widget_stalker_use&quot;:&quot;no&quot;}\" data-widget_type=\"text-editor.default\">\n\t\t\t\t<div class=\"elementor-widget-container\">\n\t\t\t\t\t\t\t\t\t<p><span style=\"font-weight: 400;\">Os eventos de troca de sementes e os bancos de sementes ajudam a redescobrir variedades de plantas vitais para os rituais, a dieta e a medicina ind\u00edgenas.<\/span><\/p>\t\t\t\t\t\t\t\t<\/div>\n\t\t\t\t<\/div>\n\t\t\t\t<div class=\"elementor-element elementor-element-db14178 ob-harakiri-inherit ob-has-background-overlay elementor-widget elementor-widget-text-editor\" data-id=\"db14178\" data-element_type=\"widget\" data-e-type=\"widget\" data-settings=\"{&quot;_ob_use_harakiri&quot;:&quot;yes&quot;,&quot;_ob_harakiri_writing_mode&quot;:&quot;inherit&quot;,&quot;_ob_postman_use&quot;:&quot;no&quot;,&quot;_ob_perspektive_use&quot;:&quot;no&quot;,&quot;_ob_poopart_use&quot;:&quot;yes&quot;,&quot;_ob_shadough_use&quot;:&quot;no&quot;,&quot;_ob_allow_hoveranimator&quot;:&quot;no&quot;,&quot;_ob_widget_stalker_use&quot;:&quot;no&quot;}\" data-widget_type=\"text-editor.default\">\n\t\t\t\t<div class=\"elementor-widget-container\">\n\t\t\t\t\t\t\t\t\t<p><span style=\"font-weight: 400;\">\u00c0 medida que aumenta a press\u00e3o internacional sobre o agroneg\u00f3cio para abordar o seu impacto ambiental, a iniciativa RFM espera educar as comunidades em todo o mundo sobre como os bancos de sementes poderiam fornecer uma solu\u00e7\u00e3o pr\u00e1tica e econ\u00f4mica para restaurar terras degradadas, preservar plantas nativas tradicionais, capacitar activistas e transformar um problema em uma iniciativa cultural coletiva. Iniciativas como a planta\u00e7\u00e3o de \u201cmuvuca\u201d oferecem resultados que n\u00e3o s\u00e3o apenas pr\u00e1ticos, mas tamb\u00e9m mais resilientes contra esp\u00e9cies invasoras, criando esperan\u00e7a num futuro sustent\u00e1vel.<\/span><\/p>\t\t\t\t\t\t\t\t<\/div>\n\t\t\t\t<\/div>\n\t\t\t\t<div class=\"elementor-element elementor-element-8400279 ob-harakiri-inherit ob-has-background-overlay elementor-widget elementor-widget-text-editor\" data-id=\"8400279\" data-element_type=\"widget\" data-e-type=\"widget\" data-settings=\"{&quot;_ob_use_harakiri&quot;:&quot;yes&quot;,&quot;_ob_harakiri_writing_mode&quot;:&quot;inherit&quot;,&quot;_ob_postman_use&quot;:&quot;no&quot;,&quot;_ob_perspektive_use&quot;:&quot;no&quot;,&quot;_ob_poopart_use&quot;:&quot;yes&quot;,&quot;_ob_shadough_use&quot;:&quot;no&quot;,&quot;_ob_allow_hoveranimator&quot;:&quot;no&quot;,&quot;_ob_widget_stalker_use&quot;:&quot;no&quot;}\" data-widget_type=\"text-editor.default\">\n\t\t\t\t<div class=\"elementor-widget-container\">\n\t\t\t\t\t\t\t\t\t<p><span style=\"font-weight: 400;\">Embora ainda existam desafios, incluindo quest\u00f5es de log\u00edstica e a falta de apoio de alguns produtores agr\u00edcolas, h\u00e1 sinais de mudan\u00e7a. Iniciativas governamentais, como a oferta de incentivos aos grandes produtores agr\u00edcolas para restaurarem pastagens degradadas e a cria\u00e7\u00e3o de um mercado de cr\u00e9ditos de carbono, sugerem uma potencial mudan\u00e7a para a refloresta\u00e7\u00e3o atrav\u00e9s de sementes nativas.<\/span><\/p>\t\t\t\t\t\t\t\t<\/div>\n\t\t\t\t<\/div>\n\t\t\t\t<div class=\"elementor-element elementor-element-22b4ed3 ob-harakiri-inherit ob-has-background-overlay elementor-widget elementor-widget-text-editor\" data-id=\"22b4ed3\" data-element_type=\"widget\" data-e-type=\"widget\" data-settings=\"{&quot;_ob_use_harakiri&quot;:&quot;yes&quot;,&quot;_ob_harakiri_writing_mode&quot;:&quot;inherit&quot;,&quot;_ob_postman_use&quot;:&quot;no&quot;,&quot;_ob_perspektive_use&quot;:&quot;no&quot;,&quot;_ob_poopart_use&quot;:&quot;yes&quot;,&quot;_ob_shadough_use&quot;:&quot;no&quot;,&quot;_ob_allow_hoveranimator&quot;:&quot;no&quot;,&quot;_ob_widget_stalker_use&quot;:&quot;no&quot;}\" data-widget_type=\"text-editor.default\">\n\t\t\t\t<div class=\"elementor-widget-container\">\n\t\t\t\t\t\t\t\t\t<p><span style=\"font-weight: 400;\">A RFM convida ativistas a juntarem-se a n\u00f3s nesta iniciativa transformadora em direc\u00e7\u00e3o \u00e0 refloresta\u00e7\u00e3o colectiva e \u00e0 restaura\u00e7\u00e3o ambiental. Nosso objetivo \u00e9 transformar o santu\u00e1rio de todos em um centro ecol\u00f3gico, onde sementes, plantas e colheitas s\u00e3o livremente trocadas, simbolizando a esperan\u00e7a de um futuro onde a natureza prospere mais uma vez.\u00a0<\/span><\/p>\t\t\t\t\t\t\t\t<\/div>\n\t\t\t\t<\/div>\n\t\t\t\t<div class=\"elementor-element elementor-element-bb617d8 ob-harakiri-inherit ob-has-background-overlay elementor-widget elementor-widget-text-editor\" data-id=\"bb617d8\" data-element_type=\"widget\" data-e-type=\"widget\" data-settings=\"{&quot;_ob_use_harakiri&quot;:&quot;yes&quot;,&quot;_ob_harakiri_writing_mode&quot;:&quot;inherit&quot;,&quot;_ob_postman_use&quot;:&quot;no&quot;,&quot;_ob_perspektive_use&quot;:&quot;no&quot;,&quot;_ob_poopart_use&quot;:&quot;yes&quot;,&quot;_ob_shadough_use&quot;:&quot;no&quot;,&quot;_ob_allow_hoveranimator&quot;:&quot;no&quot;,&quot;_ob_widget_stalker_use&quot;:&quot;no&quot;}\" data-widget_type=\"text-editor.default\">\n\t\t\t\t<div class=\"elementor-widget-container\">\n\t\t\t\t\t\t\t\t\t<p><span style=\"font-weight: 400;\">N\u00f3s esperamos inspirar as comunidades ambientais a considerarem o poder dos bancos de sementes comunit\u00e1rios no combate \u00e0 desfloresta\u00e7\u00e3o, na preserva\u00e7\u00e3o da biodiversidade, na partilha de conhecimentos e na cria\u00e7\u00e3o de solu\u00e7\u00f5es sustent\u00e1veis para os desafios enfrentados pelas florestas tropicais.<\/span><\/p>\t\t\t\t\t\t\t\t<\/div>\n\t\t\t\t<\/div>\n\t\t\t\t<div class=\"elementor-element elementor-element-ce6b222 ob-has-background-overlay elementor-widget elementor-widget-button\" data-id=\"ce6b222\" data-element_type=\"widget\" data-e-type=\"widget\" data-settings=\"{&quot;_ob_butterbutton_use_it&quot;:&quot;no&quot;,&quot;_ob_perspektive_use&quot;:&quot;no&quot;,&quot;_ob_poopart_use&quot;:&quot;yes&quot;,&quot;_ob_shadough_use&quot;:&quot;no&quot;,&quot;_ob_allow_hoveranimator&quot;:&quot;no&quot;,&quot;_ob_widget_stalker_use&quot;:&quot;no&quot;}\" data-widget_type=\"button.default\">\n\t\t\t\t<div class=\"elementor-widget-container\">\n\t\t\t\t\t\t\t\t\t<div class=\"elementor-button-wrapper\">\n\t\t\t\t\t<a class=\"elementor-button elementor-button-link elementor-size-sm\" href=\"mailto:rfmoura15@gmail.com\" rel=\"nofollow\">\n\t\t\t\t\t\t<span class=\"elementor-button-content-wrapper\">\n\t\t\t\t\t\t\t\t\t<span class=\"elementor-button-text\">Junte-se ao Banco Nativo de Sementes RFM<\/span>\n\t\t\t\t\t<\/span>\n\t\t\t\t\t<\/a>\n\t\t\t\t<\/div>\n\t\t\t\t\t\t\t\t<\/div>\n\t\t\t\t<\/div>\n\t\t\t\t\t<\/div>\n\t\t<\/div>\n\t\t\t\t\t<\/div>\n\t\t<\/section>\n\t\t\t\t<\/div>","protected":false},"excerpt":{"rendered":"<p>Seeds of Change: Can Community Seed Banks Be the Beacon of Hope for the Amazon Rainforest? In the heart of Brazil&#8217;s soy belt, where monoculture has replaced vast stretches of the Amazon rainforest, a grassroots movement is emerging as a beacon of hope that is spreading worldwide. It is no secret that the Amazon rainforest [&hellip;]<\/p>\n","protected":false},"author":6,"featured_media":2085,"comment_status":"closed","ping_status":"closed","sticky":false,"template":"","format":"standard","meta":{"give_campaign_id":0,"nf_dc_page":"","om_disable_all_campaigns":false,"_monsterinsights_skip_tracking":false,"_monsterinsights_sitenote_active":false,"_monsterinsights_sitenote_note":"","_monsterinsights_sitenote_category":0,"_jetpack_memberships_contains_paid_content":false,"footnotes":""},"categories":[1],"tags":[],"class_list":["post-2083","post","type-post","status-publish","format-standard","has-post-thumbnail","hentry","category-uncategorized"],"yoast_head":"<!-- This site is optimized with the Yoast SEO Premium plugin v26.0 (Yoast SEO v27.3) - https:\/\/yoast.com\/product\/yoast-seo-premium-wordpress\/ -->\n<title>Can Seeds and Tree Reforestation be the Carbon Solution we Need? A Beacon of Hope for the Amazon Rainforest - RFM Productions<\/title>\n<meta name=\"robots\" content=\"index, follow, max-snippet:-1, max-image-preview:large, max-video-preview:-1\" \/>\n<link rel=\"canonical\" href=\"https:\/\/rfmproductions.org\/pt\/seeds-of-change-can-community-seed-banks-be-the-beacon-of-hope-for-the-amazon-rainforest\/\" \/>\n<meta property=\"og:locale\" content=\"pt_BR\" \/>\n<meta property=\"og:type\" content=\"article\" \/>\n<meta property=\"og:title\" content=\"Can Seeds and Tree Reforestation be the Carbon Solution we Need? A Beacon of Hope for the Amazon Rainforest\" \/>\n<meta property=\"og:description\" content=\"Seeds of Change: Can Community Seed Banks Be the Beacon of Hope for the Amazon Rainforest? In the heart of Brazil&#8217;s soy belt, where monoculture has replaced vast stretches of the Amazon rainforest, a grassroots movement is emerging as a beacon of hope that is spreading worldwide. It is no secret that the Amazon rainforest [&hellip;]\" \/>\n<meta property=\"og:url\" content=\"https:\/\/rfmproductions.org\/pt\/seeds-of-change-can-community-seed-banks-be-the-beacon-of-hope-for-the-amazon-rainforest\/\" \/>\n<meta property=\"og:site_name\" content=\"RFM Productions\" \/>\n<meta property=\"article:published_time\" content=\"2024-02-28T02:51:31+00:00\" \/>\n<meta property=\"article:modified_time\" content=\"2024-10-05T07:16:15+00:00\" \/>\n<meta property=\"og:image\" content=\"https:\/\/rfmproductions.org\/wp-content\/uploads\/2024\/02\/envato-labs-ai-ceed8325-8f2c-4f70-92f7-e418e0816a17.webp\" \/>\n\t<meta property=\"og:image:width\" content=\"1024\" \/>\n\t<meta property=\"og:image:height\" content=\"1024\" \/>\n\t<meta property=\"og:image:type\" content=\"image\/webp\" \/>\n<meta name=\"author\" content=\"Swapnil Kondekar\" \/>\n<meta name=\"twitter:card\" content=\"summary_large_image\" \/>\n<meta name=\"twitter:label1\" content=\"Escrito por\" \/>\n\t<meta name=\"twitter:data1\" content=\"Swapnil Kondekar\" \/>\n\t<meta name=\"twitter:label2\" content=\"Est. tempo de leitura\" \/>\n\t<meta name=\"twitter:data2\" content=\"3 minutos\" \/>\n<script type=\"application\/ld+json\" class=\"yoast-schema-graph\">{\"@context\":\"https:\\\/\\\/schema.org\",\"@graph\":[{\"@type\":\"Article\",\"@id\":\"https:\\\/\\\/rfmproductions.org\\\/seeds-of-change-can-community-seed-banks-be-the-beacon-of-hope-for-the-amazon-rainforest\\\/#article\",\"isPartOf\":{\"@id\":\"https:\\\/\\\/rfmproductions.org\\\/seeds-of-change-can-community-seed-banks-be-the-beacon-of-hope-for-the-amazon-rainforest\\\/\"},\"author\":{\"name\":\"Swapnil Kondekar\",\"@id\":\"http:\\\/\\\/box5236.temp.domains\\\/~rfmprodu\\\/#\\\/schema\\\/person\\\/04bd1a04e193ba2b3ecca3538779ca18\"},\"headline\":\"Can Seeds and Tree Reforestation be the Carbon Solution we Need? A Beacon of Hope for the Amazon Rainforest\",\"datePublished\":\"2024-02-28T02:51:31+00:00\",\"dateModified\":\"2024-10-05T07:16:15+00:00\",\"mainEntityOfPage\":{\"@id\":\"https:\\\/\\\/rfmproductions.org\\\/seeds-of-change-can-community-seed-banks-be-the-beacon-of-hope-for-the-amazon-rainforest\\\/\"},\"wordCount\":659,\"image\":{\"@id\":\"https:\\\/\\\/rfmproductions.org\\\/seeds-of-change-can-community-seed-banks-be-the-beacon-of-hope-for-the-amazon-rainforest\\\/#primaryimage\"},\"thumbnailUrl\":\"https:\\\/\\\/i0.wp.com\\\/rfmproductions.org\\\/wp-content\\\/uploads\\\/2024\\\/02\\\/envato-labs-ai-ceed8325-8f2c-4f70-92f7-e418e0816a17.webp?fit=1024%2C1024&ssl=1\",\"articleSection\":[\"Uncategorized\"],\"inLanguage\":\"pt-BR\"},{\"@type\":\"WebPage\",\"@id\":\"https:\\\/\\\/rfmproductions.org\\\/seeds-of-change-can-community-seed-banks-be-the-beacon-of-hope-for-the-amazon-rainforest\\\/\",\"url\":\"https:\\\/\\\/rfmproductions.org\\\/seeds-of-change-can-community-seed-banks-be-the-beacon-of-hope-for-the-amazon-rainforest\\\/\",\"name\":\"Can Seeds and Tree Reforestation be the Carbon Solution we Need? A Beacon of Hope for the Amazon Rainforest - RFM Productions\",\"isPartOf\":{\"@id\":\"http:\\\/\\\/box5236.temp.domains\\\/~rfmprodu\\\/#website\"},\"primaryImageOfPage\":{\"@id\":\"https:\\\/\\\/rfmproductions.org\\\/seeds-of-change-can-community-seed-banks-be-the-beacon-of-hope-for-the-amazon-rainforest\\\/#primaryimage\"},\"image\":{\"@id\":\"https:\\\/\\\/rfmproductions.org\\\/seeds-of-change-can-community-seed-banks-be-the-beacon-of-hope-for-the-amazon-rainforest\\\/#primaryimage\"},\"thumbnailUrl\":\"https:\\\/\\\/i0.wp.com\\\/rfmproductions.org\\\/wp-content\\\/uploads\\\/2024\\\/02\\\/envato-labs-ai-ceed8325-8f2c-4f70-92f7-e418e0816a17.webp?fit=1024%2C1024&ssl=1\",\"datePublished\":\"2024-02-28T02:51:31+00:00\",\"dateModified\":\"2024-10-05T07:16:15+00:00\",\"author\":{\"@id\":\"http:\\\/\\\/box5236.temp.domains\\\/~rfmprodu\\\/#\\\/schema\\\/person\\\/04bd1a04e193ba2b3ecca3538779ca18\"},\"breadcrumb\":{\"@id\":\"https:\\\/\\\/rfmproductions.org\\\/seeds-of-change-can-community-seed-banks-be-the-beacon-of-hope-for-the-amazon-rainforest\\\/#breadcrumb\"},\"inLanguage\":\"pt-BR\",\"potentialAction\":[{\"@type\":\"ReadAction\",\"target\":[\"https:\\\/\\\/rfmproductions.org\\\/seeds-of-change-can-community-seed-banks-be-the-beacon-of-hope-for-the-amazon-rainforest\\\/\"]}]},{\"@type\":\"ImageObject\",\"inLanguage\":\"pt-BR\",\"@id\":\"https:\\\/\\\/rfmproductions.org\\\/seeds-of-change-can-community-seed-banks-be-the-beacon-of-hope-for-the-amazon-rainforest\\\/#primaryimage\",\"url\":\"https:\\\/\\\/i0.wp.com\\\/rfmproductions.org\\\/wp-content\\\/uploads\\\/2024\\\/02\\\/envato-labs-ai-ceed8325-8f2c-4f70-92f7-e418e0816a17.webp?fit=1024%2C1024&ssl=1\",\"contentUrl\":\"https:\\\/\\\/i0.wp.com\\\/rfmproductions.org\\\/wp-content\\\/uploads\\\/2024\\\/02\\\/envato-labs-ai-ceed8325-8f2c-4f70-92f7-e418e0816a17.webp?fit=1024%2C1024&ssl=1\",\"width\":1024,\"height\":1024},{\"@type\":\"BreadcrumbList\",\"@id\":\"https:\\\/\\\/rfmproductions.org\\\/seeds-of-change-can-community-seed-banks-be-the-beacon-of-hope-for-the-amazon-rainforest\\\/#breadcrumb\",\"itemListElement\":[{\"@type\":\"ListItem\",\"position\":1,\"name\":\"Home\",\"item\":\"https:\\\/\\\/rfmproductions.org\\\/\"},{\"@type\":\"ListItem\",\"position\":2,\"name\":\"Can Seeds and Tree Reforestation be the Carbon Solution we Need? A Beacon of Hope for the Amazon Rainforest\"}]},{\"@type\":\"WebSite\",\"@id\":\"http:\\\/\\\/box5236.temp.domains\\\/~rfmprodu\\\/#website\",\"url\":\"http:\\\/\\\/box5236.temp.domains\\\/~rfmprodu\\\/\",\"name\":\"RFM Productions\",\"description\":\"RFM Productions is the only minority and women-led nonprofit, nonpartisan organization\",\"potentialAction\":[{\"@type\":\"SearchAction\",\"target\":{\"@type\":\"EntryPoint\",\"urlTemplate\":\"http:\\\/\\\/box5236.temp.domains\\\/~rfmprodu\\\/?s={search_term_string}\"},\"query-input\":{\"@type\":\"PropertyValueSpecification\",\"valueRequired\":true,\"valueName\":\"search_term_string\"}}],\"inLanguage\":\"pt-BR\"},{\"@type\":\"Person\",\"@id\":\"http:\\\/\\\/box5236.temp.domains\\\/~rfmprodu\\\/#\\\/schema\\\/person\\\/04bd1a04e193ba2b3ecca3538779ca18\",\"name\":\"Swapnil Kondekar\",\"image\":{\"@type\":\"ImageObject\",\"inLanguage\":\"pt-BR\",\"@id\":\"https:\\\/\\\/secure.gravatar.com\\\/avatar\\\/e8b3c592c6b2b7376b973504c737409e10fee02bce55dfcdcec1ae74056bf492?s=96&d=mm&r=g\",\"url\":\"https:\\\/\\\/secure.gravatar.com\\\/avatar\\\/e8b3c592c6b2b7376b973504c737409e10fee02bce55dfcdcec1ae74056bf492?s=96&d=mm&r=g\",\"contentUrl\":\"https:\\\/\\\/secure.gravatar.com\\\/avatar\\\/e8b3c592c6b2b7376b973504c737409e10fee02bce55dfcdcec1ae74056bf492?s=96&d=mm&r=g\",\"caption\":\"Swapnil Kondekar\"},\"url\":\"https:\\\/\\\/rfmproductions.org\\\/pt\\\/author\\\/swapnildk\\\/\"}]}<\/script>\n<!-- \/ Yoast SEO Premium plugin. -->","yoast_head_json":{"title":"Can Seeds and Tree Reforestation be the Carbon Solution we Need? A Beacon of Hope for the Amazon Rainforest - RFM Productions","robots":{"index":"index","follow":"follow","max-snippet":"max-snippet:-1","max-image-preview":"max-image-preview:large","max-video-preview":"max-video-preview:-1"},"canonical":"https:\/\/rfmproductions.org\/pt\/seeds-of-change-can-community-seed-banks-be-the-beacon-of-hope-for-the-amazon-rainforest\/","og_locale":"pt_BR","og_type":"article","og_title":"Can Seeds and Tree Reforestation be the Carbon Solution we Need? A Beacon of Hope for the Amazon Rainforest","og_description":"Seeds of Change: Can Community Seed Banks Be the Beacon of Hope for the Amazon Rainforest? In the heart of Brazil&#8217;s soy belt, where monoculture has replaced vast stretches of the Amazon rainforest, a grassroots movement is emerging as a beacon of hope that is spreading worldwide. It is no secret that the Amazon rainforest [&hellip;]","og_url":"https:\/\/rfmproductions.org\/pt\/seeds-of-change-can-community-seed-banks-be-the-beacon-of-hope-for-the-amazon-rainforest\/","og_site_name":"RFM Productions","article_published_time":"2024-02-28T02:51:31+00:00","article_modified_time":"2024-10-05T07:16:15+00:00","og_image":[{"width":1024,"height":1024,"url":"https:\/\/rfmproductions.org\/wp-content\/uploads\/2024\/02\/envato-labs-ai-ceed8325-8f2c-4f70-92f7-e418e0816a17.webp","type":"image\/webp"}],"author":"Swapnil Kondekar","twitter_card":"summary_large_image","twitter_misc":{"Escrito por":"Swapnil Kondekar","Est. tempo de leitura":"3 minutos"},"schema":{"@context":"https:\/\/schema.org","@graph":[{"@type":"Article","@id":"https:\/\/rfmproductions.org\/seeds-of-change-can-community-seed-banks-be-the-beacon-of-hope-for-the-amazon-rainforest\/#article","isPartOf":{"@id":"https:\/\/rfmproductions.org\/seeds-of-change-can-community-seed-banks-be-the-beacon-of-hope-for-the-amazon-rainforest\/"},"author":{"name":"Swapnil Kondekar","@id":"http:\/\/box5236.temp.domains\/~rfmprodu\/#\/schema\/person\/04bd1a04e193ba2b3ecca3538779ca18"},"headline":"Can Seeds and Tree Reforestation be the Carbon Solution we Need? A Beacon of Hope for the Amazon Rainforest","datePublished":"2024-02-28T02:51:31+00:00","dateModified":"2024-10-05T07:16:15+00:00","mainEntityOfPage":{"@id":"https:\/\/rfmproductions.org\/seeds-of-change-can-community-seed-banks-be-the-beacon-of-hope-for-the-amazon-rainforest\/"},"wordCount":659,"image":{"@id":"https:\/\/rfmproductions.org\/seeds-of-change-can-community-seed-banks-be-the-beacon-of-hope-for-the-amazon-rainforest\/#primaryimage"},"thumbnailUrl":"https:\/\/i0.wp.com\/rfmproductions.org\/wp-content\/uploads\/2024\/02\/envato-labs-ai-ceed8325-8f2c-4f70-92f7-e418e0816a17.webp?fit=1024%2C1024&ssl=1","articleSection":["Uncategorized"],"inLanguage":"pt-BR"},{"@type":"WebPage","@id":"https:\/\/rfmproductions.org\/seeds-of-change-can-community-seed-banks-be-the-beacon-of-hope-for-the-amazon-rainforest\/","url":"https:\/\/rfmproductions.org\/seeds-of-change-can-community-seed-banks-be-the-beacon-of-hope-for-the-amazon-rainforest\/","name":"Can Seeds and Tree Reforestation be the Carbon Solution we Need? A Beacon of Hope for the Amazon Rainforest - RFM Productions","isPartOf":{"@id":"http:\/\/box5236.temp.domains\/~rfmprodu\/#website"},"primaryImageOfPage":{"@id":"https:\/\/rfmproductions.org\/seeds-of-change-can-community-seed-banks-be-the-beacon-of-hope-for-the-amazon-rainforest\/#primaryimage"},"image":{"@id":"https:\/\/rfmproductions.org\/seeds-of-change-can-community-seed-banks-be-the-beacon-of-hope-for-the-amazon-rainforest\/#primaryimage"},"thumbnailUrl":"https:\/\/i0.wp.com\/rfmproductions.org\/wp-content\/uploads\/2024\/02\/envato-labs-ai-ceed8325-8f2c-4f70-92f7-e418e0816a17.webp?fit=1024%2C1024&ssl=1","datePublished":"2024-02-28T02:51:31+00:00","dateModified":"2024-10-05T07:16:15+00:00","author":{"@id":"http:\/\/box5236.temp.domains\/~rfmprodu\/#\/schema\/person\/04bd1a04e193ba2b3ecca3538779ca18"},"breadcrumb":{"@id":"https:\/\/rfmproductions.org\/seeds-of-change-can-community-seed-banks-be-the-beacon-of-hope-for-the-amazon-rainforest\/#breadcrumb"},"inLanguage":"pt-BR","potentialAction":[{"@type":"ReadAction","target":["https:\/\/rfmproductions.org\/seeds-of-change-can-community-seed-banks-be-the-beacon-of-hope-for-the-amazon-rainforest\/"]}]},{"@type":"ImageObject","inLanguage":"pt-BR","@id":"https:\/\/rfmproductions.org\/seeds-of-change-can-community-seed-banks-be-the-beacon-of-hope-for-the-amazon-rainforest\/#primaryimage","url":"https:\/\/i0.wp.com\/rfmproductions.org\/wp-content\/uploads\/2024\/02\/envato-labs-ai-ceed8325-8f2c-4f70-92f7-e418e0816a17.webp?fit=1024%2C1024&ssl=1","contentUrl":"https:\/\/i0.wp.com\/rfmproductions.org\/wp-content\/uploads\/2024\/02\/envato-labs-ai-ceed8325-8f2c-4f70-92f7-e418e0816a17.webp?fit=1024%2C1024&ssl=1","width":1024,"height":1024},{"@type":"BreadcrumbList","@id":"https:\/\/rfmproductions.org\/seeds-of-change-can-community-seed-banks-be-the-beacon-of-hope-for-the-amazon-rainforest\/#breadcrumb","itemListElement":[{"@type":"ListItem","position":1,"name":"Home","item":"https:\/\/rfmproductions.org\/"},{"@type":"ListItem","position":2,"name":"Can Seeds and Tree Reforestation be the Carbon Solution we Need? A Beacon of Hope for the Amazon Rainforest"}]},{"@type":"WebSite","@id":"http:\/\/box5236.temp.domains\/~rfmprodu\/#website","url":"http:\/\/box5236.temp.domains\/~rfmprodu\/","name":"RFM Productions","description":"RFM Productions is the only minority and women-led nonprofit, nonpartisan organization","potentialAction":[{"@type":"SearchAction","target":{"@type":"EntryPoint","urlTemplate":"http:\/\/box5236.temp.domains\/~rfmprodu\/?s={search_term_string}"},"query-input":{"@type":"PropertyValueSpecification","valueRequired":true,"valueName":"search_term_string"}}],"inLanguage":"pt-BR"},{"@type":"Person","@id":"http:\/\/box5236.temp.domains\/~rfmprodu\/#\/schema\/person\/04bd1a04e193ba2b3ecca3538779ca18","name":"Swapnil Kondekar","image":{"@type":"ImageObject","inLanguage":"pt-BR","@id":"https:\/\/secure.gravatar.com\/avatar\/e8b3c592c6b2b7376b973504c737409e10fee02bce55dfcdcec1ae74056bf492?s=96&d=mm&r=g","url":"https:\/\/secure.gravatar.com\/avatar\/e8b3c592c6b2b7376b973504c737409e10fee02bce55dfcdcec1ae74056bf492?s=96&d=mm&r=g","contentUrl":"https:\/\/secure.gravatar.com\/avatar\/e8b3c592c6b2b7376b973504c737409e10fee02bce55dfcdcec1ae74056bf492?s=96&d=mm&r=g","caption":"Swapnil Kondekar"},"url":"https:\/\/rfmproductions.org\/pt\/author\/swapnildk\/"}]}},"jetpack_featured_media_url":"https:\/\/i0.wp.com\/rfmproductions.org\/wp-content\/uploads\/2024\/02\/envato-labs-ai-ceed8325-8f2c-4f70-92f7-e418e0816a17.webp?fit=1024%2C1024&ssl=1","jetpack_sharing_enabled":true,"_links":{"self":[{"href":"https:\/\/rfmproductions.org\/pt\/wp-json\/wp\/v2\/posts\/2083","targetHints":{"allow":["GET"]}}],"collection":[{"href":"https:\/\/rfmproductions.org\/pt\/wp-json\/wp\/v2\/posts"}],"about":[{"href":"https:\/\/rfmproductions.org\/pt\/wp-json\/wp\/v2\/types\/post"}],"author":[{"embeddable":true,"href":"https:\/\/rfmproductions.org\/pt\/wp-json\/wp\/v2\/users\/6"}],"replies":[{"embeddable":true,"href":"https:\/\/rfmproductions.org\/pt\/wp-json\/wp\/v2\/comments?post=2083"}],"version-history":[{"count":6,"href":"https:\/\/rfmproductions.org\/pt\/wp-json\/wp\/v2\/posts\/2083\/revisions"}],"predecessor-version":[{"id":2437,"href":"https:\/\/rfmproductions.org\/pt\/wp-json\/wp\/v2\/posts\/2083\/revisions\/2437"}],"wp:featuredmedia":[{"embeddable":true,"href":"https:\/\/rfmproductions.org\/pt\/wp-json\/wp\/v2\/media\/2085"}],"wp:attachment":[{"href":"https:\/\/rfmproductions.org\/pt\/wp-json\/wp\/v2\/media?parent=2083"}],"wp:term":[{"taxonomy":"category","embeddable":true,"href":"https:\/\/rfmproductions.org\/pt\/wp-json\/wp\/v2\/categories?post=2083"},{"taxonomy":"post_tag","embeddable":true,"href":"https:\/\/rfmproductions.org\/pt\/wp-json\/wp\/v2\/tags?post=2083"}],"curies":[{"name":"wp","href":"https:\/\/api.w.org\/{rel}","templated":true}]}}