{"id":198,"date":"2022-10-25T12:05:43","date_gmt":"2022-10-25T12:05:43","guid":{"rendered":"http:\/\/box5236.temp.domains\/~rfmprodu\/?p=198"},"modified":"2022-12-01T07:18:39","modified_gmt":"2022-12-01T07:18:39","slug":"the-challenge","status":"publish","type":"post","link":"https:\/\/rfmproductions.org\/pt\/the-challenge\/","title":{"rendered":"O DESAFIO"},"content":{"rendered":"<p><b>O ambiente est\u00e1 a aproximar-se do seu \u201cponto de ruptura\u201d \u2013 quando j\u00e1 n\u00e3o ser\u00e1 capaz de gerar as suas pr\u00f3prias chuvas e sustentar os seus sistema de floresta tropical.<\/b><\/p>\r\n<p><span style=\"font-weight: 400;\">The <\/span><a href=\"https:\/\/www.maaproject.org\/en\/\"><span style=\"font-weight: 400;\">O Projeto de Monitoramento da Amaz\u00f4nia Andina (MAAP),<\/span><\/a><span style=\"font-weight: 400;\"> um projeto da Associa\u00e7\u00e3o de Conserva\u00e7\u00e3o\u00a0<\/span><a href=\"http:\/\/amazonconservation.org\/\"><span style=\"font-weight: 400;\">da Amaz\u00f4nia,<\/span><\/a><span style=\"font-weight: 400;\"> found<\/span> <span style=\"font-weight: 400;\">sem fins lucrativos, descobriu que as estimativas colocam o n\u00edvel atual de desmatamento da Amaz\u00f4nia em 17% e seu ponto de inflex\u00e3o em 20-25%.\u00a0<\/span><\/p>\r\n<p><span style=\"font-weight: 400;\">A MAPP descobriu que\u00a0<\/span><b>30.8%\u00a0<\/b><span style=\"font-weight: 400;\">da Amaz\u00f4nia original foi perdida no ter\u00e7o oriental do bioma Amaz\u00f4nico. <\/span><span style=\"font-weight: 400;\">Se o ponto de inflex\u00e3o continuar a ser ultrapassado, a maior floresta tropical da Terra poder\u00e1 tornar-se \u2013 na melhor das hip\u00f3teses \u2013 uma pastagem seca.<\/span><\/p>\r\n<p><span style=\"font-weight: 400;\">\u00a0<\/span><\/p>\r\n<p><b>Quais s\u00e3o os principais impulsionadores do desmatamento na Amaz\u00f4nia?<\/b><\/p>\r\n<p>&nbsp;<\/p>\r\n<p><b>1. Corrida do Agroneg\u00f3cio\u00a0<\/b><\/p>\r\n<p><span style=\"font-weight: 400;\">A expans\u00e3o desgovernada das planta\u00e7\u00f5es de soja, eucalipto, pecu\u00e1ria e pr\u00e1ticas agr\u00edcolas insustent\u00e1veis desmatam florestas e deixam \u00e1reas mais propensas a inc\u00eandios que podem rapidamente tornar-se descontroladas.<\/span><\/p>\r\n<p><img data-recalc-dims=\"1\" fetchpriority=\"high\" decoding=\"async\" class=\"alignnone size-medium wp-image-848\" src=\"https:\/\/i0.wp.com\/rfmproductions.org\/wp-content\/uploads\/2022\/10\/unnamed-3.jpg?resize=300%2C200&#038;ssl=1\" alt=\"\" width=\"300\" height=\"200\" srcset=\"https:\/\/i0.wp.com\/rfmproductions.org\/wp-content\/uploads\/2022\/10\/unnamed-3.jpg?resize=300%2C200&amp;ssl=1 300w, https:\/\/i0.wp.com\/rfmproductions.org\/wp-content\/uploads\/2022\/10\/unnamed-3.jpg?w=512&amp;ssl=1 512w\" sizes=\"(max-width: 300px) 100vw, 300px\" \/><\/p>\r\n<p><span style=\"font-weight: 400;\">Corrida do Agroneg\u00f3cio<\/span><\/p>\r\n<p>&nbsp;<\/p>\r\n<p><b>2. Minera\u00e7\u00e3o ilegal<\/b><\/p>\r\n<p><span style=\"font-weight: 400;\">A minera\u00e7\u00e3o ilegal e informal causa impactos ambientais e socioecon\u00f4micos significativos na Amaz\u00f4nia, incluindo desmatamento direto e contamina\u00e7\u00e3o do solo.<\/span><\/p>\r\n<p><img data-recalc-dims=\"1\" decoding=\"async\" class=\"alignnone size-medium wp-image-849\" src=\"https:\/\/i0.wp.com\/rfmproductions.org\/wp-content\/uploads\/2022\/10\/unnamed-4.jpg?resize=300%2C200&#038;ssl=1\" alt=\"\" width=\"300\" height=\"200\" srcset=\"https:\/\/i0.wp.com\/rfmproductions.org\/wp-content\/uploads\/2022\/10\/unnamed-4.jpg?resize=300%2C200&amp;ssl=1 300w, https:\/\/i0.wp.com\/rfmproductions.org\/wp-content\/uploads\/2022\/10\/unnamed-4.jpg?w=512&amp;ssl=1 512w\" sizes=\"(max-width: 300px) 100vw, 300px\" \/><\/p>\r\n<p><span style=\"font-weight: 400;\">Mina de ouro ilegal perto de Macap\u00e1, Brasil<\/span><\/p>\r\n<p>&nbsp;<\/p>\r\n<p><b>3. Registro ilegal<\/b><\/p>\r\n<p><span style=\"font-weight: 400;\">A explora\u00e7\u00e3o madeireira fora das \u00e1reas designadas amea\u00e7a a Amaz\u00f4nia, a explora\u00e7\u00e3o madeireira com fins lucrativos ou a \u201cextra\u00e7\u00e3o seletiva\u201d de esp\u00e9cies de \u00e1rvores de alto valor enfraquece os ecossistemas interconectados da floresta tropical.<\/span><\/p>\r\n<p><img data-recalc-dims=\"1\" decoding=\"async\" class=\"alignnone size-medium wp-image-850\" src=\"https:\/\/i0.wp.com\/rfmproductions.org\/wp-content\/uploads\/2022\/10\/unnamed-5.jpg?resize=300%2C200&#038;ssl=1\" alt=\"\" width=\"300\" height=\"200\" srcset=\"https:\/\/i0.wp.com\/rfmproductions.org\/wp-content\/uploads\/2022\/10\/unnamed-5.jpg?resize=300%2C200&amp;ssl=1 300w, https:\/\/i0.wp.com\/rfmproductions.org\/wp-content\/uploads\/2022\/10\/unnamed-5.jpg?w=512&amp;ssl=1 512w\" sizes=\"(max-width: 300px) 100vw, 300px\" \/><\/p>\r\n<p>&nbsp;<\/p>\r\n<p><b>4. Infraestrutura com falha<\/b><\/p>\r\n<p><span style=\"font-weight: 400;\">Estradas, barragens e pontes mal concebidas aceleram a press\u00e3o sobre a Amaz\u00f4nia, abrindo acesso a florestas remotas e aumentando os desastres provocados pelo homem.<\/span><\/p>\r\n<p><img data-recalc-dims=\"1\" loading=\"lazy\" decoding=\"async\" class=\"alignnone size-medium wp-image-851\" src=\"https:\/\/i0.wp.com\/rfmproductions.org\/wp-content\/uploads\/2022\/10\/unnamed-6.jpg?resize=300%2C198&#038;ssl=1\" alt=\"\" width=\"300\" height=\"198\" srcset=\"https:\/\/i0.wp.com\/rfmproductions.org\/wp-content\/uploads\/2022\/10\/unnamed-6.jpg?resize=300%2C198&amp;ssl=1 300w, https:\/\/i0.wp.com\/rfmproductions.org\/wp-content\/uploads\/2022\/10\/unnamed-6.jpg?w=512&amp;ssl=1 512w\" sizes=\"(max-width: 300px) 100vw, 300px\" \/><\/p>\r\n<p>&nbsp;<\/p>\r\n<p><b>5. Desastres Naturais<\/b><\/p>\r\n<p><span style=\"font-weight: 400;\">Desastres naturais e provocados pelo homem, como o WildFire, contribuem para o desmatamento. Quando as florestas s\u00e3o derrubadas e depois queimadas, os inc\u00eandios podem rapidamente se espalhar fora de controle.<\/span><\/p>\r\n<p><img data-recalc-dims=\"1\" loading=\"lazy\" decoding=\"async\" class=\"alignnone size-medium wp-image-852\" src=\"https:\/\/i0.wp.com\/rfmproductions.org\/wp-content\/uploads\/2022\/10\/unnamed-7.jpg?resize=300%2C200&#038;ssl=1\" alt=\"\" width=\"300\" height=\"200\" srcset=\"https:\/\/i0.wp.com\/rfmproductions.org\/wp-content\/uploads\/2022\/10\/unnamed-7.jpg?resize=300%2C200&amp;ssl=1 300w, https:\/\/i0.wp.com\/rfmproductions.org\/wp-content\/uploads\/2022\/10\/unnamed-7.jpg?w=512&amp;ssl=1 512w\" sizes=\"(max-width: 300px) 100vw, 300px\" \/><\/p>\r\n<p>&nbsp;<\/p>\r\n<p><b>6. M\u00e1 governan\u00e7a<\/b><\/p>\r\n<p><span style=\"font-weight: 400;\">Os defensores ambientais s\u00e3o frequentemente assassinados devido \u00e0 falta de governan\u00e7a e aplica\u00e7\u00e3o da lei na Amaz\u00f4nia. A m\u00e1 governa\u00e7\u00e3o, aliada ao crime organizado e \u00e0 elevada procura dos recursos naturais da regi\u00e3o, cria um ambiente prop\u00edcio para que exploradores ambiciosos destruam a Amaz\u00f3nia e os seus habitantes com fins lucrativos.<\/span><\/p>\r\n<p><img data-recalc-dims=\"1\" loading=\"lazy\" decoding=\"async\" class=\"alignnone size-medium wp-image-853\" src=\"https:\/\/i0.wp.com\/rfmproductions.org\/wp-content\/uploads\/2022\/10\/unnamed-8.jpg?resize=300%2C200&#038;ssl=1\" alt=\"\" width=\"300\" height=\"200\" srcset=\"https:\/\/i0.wp.com\/rfmproductions.org\/wp-content\/uploads\/2022\/10\/unnamed-8.jpg?resize=300%2C200&amp;ssl=1 300w, https:\/\/i0.wp.com\/rfmproductions.org\/wp-content\/uploads\/2022\/10\/unnamed-8.jpg?w=512&amp;ssl=1 512w\" sizes=\"(max-width: 300px) 100vw, 300px\" \/><\/p>\r\n<p><span style=\"font-weight: 400;\">Evento \u201cChico Mendes 30 Anos \u2013 Mem\u00f3ria para Honrar, Legado para Defender\u201d no Brasil<\/span><\/p>\r\n<p>&nbsp;<\/p>\r\n<p><b>7. Mudan\u00e7as Clim\u00e1ticas<\/b><\/p>\r\n<p><span style=\"font-weight: 400;\">A queima de combust\u00edveis f\u00f3sseis, em combina\u00e7\u00e3o com a destrui\u00e7\u00e3o de sumidouros de carbono devido \u00e0 defloresta\u00e7\u00e3o e outras atividades, tem contribu\u00eddo para a acumula\u00e7\u00e3o cada vez maior de di\u00f3xido de carbono na atmosfera \u2013 mais do que pode ser absorvido pelos sumidouros de carbono existentes, como as florestas. A acumula\u00e7\u00e3o de di\u00f3xido de carbono na atmosfera est\u00e1 a impulsionar o aquecimento global, uma vez que ret\u00e9m o calor na baixa atmosfera. Os n\u00edveis de di\u00f3xido de carbono est\u00e3o agora no n\u00edvel mais alto da hist\u00f3ria da humanidade. \u00c0 medida que as altera\u00e7\u00f5es clim\u00e1ticas afetam os padr\u00f5es clim\u00e1ticos globais, os per\u00edodos mais quentes e secos trar\u00e3o novas tens\u00f5es e tornar\u00e3o as \u00e9pocas anuais de inc\u00eandios ainda mais devastadoras. A diminui\u00e7\u00e3o da resili\u00eancia destes ecossistemas acelera o decl\u00ednio da Amaz\u00f4nia.<\/span><\/p>\r\n<p><img data-recalc-dims=\"1\" loading=\"lazy\" decoding=\"async\" class=\"alignnone size-medium wp-image-854\" src=\"https:\/\/i0.wp.com\/rfmproductions.org\/wp-content\/uploads\/2022\/10\/unnamed-9.jpg?resize=300%2C225&#038;ssl=1\" alt=\"\" width=\"300\" height=\"225\" srcset=\"https:\/\/i0.wp.com\/rfmproductions.org\/wp-content\/uploads\/2022\/10\/unnamed-9.jpg?resize=300%2C225&amp;ssl=1 300w, https:\/\/i0.wp.com\/rfmproductions.org\/wp-content\/uploads\/2022\/10\/unnamed-9.jpg?w=512&amp;ssl=1 512w\" sizes=\"(max-width: 300px) 100vw, 300px\" \/><\/p>\r\n<p>&nbsp;<\/p>\r\n<p><b>8. Corrup\u00e7\u00e3o Armada<\/b><\/p>\r\n<p><span style=\"font-weight: 400;\">As t\u00e1ticas de intimida\u00e7\u00e3o, aliadas \u00e0 falta de fiscaliza\u00e7\u00e3o suficiente para coibir as atividades ilegais, desgastam a base de recursos preciosos e finitos da Amaz\u00f4nia. Os ataques de guardas armados intimidam as comunidades locais, incutindo medo na sociedade, incapaz de viver em harmonia com o seu ambiente.<\/span><\/p>\r\n<p><img data-recalc-dims=\"1\" loading=\"lazy\" decoding=\"async\" class=\"alignnone size-medium wp-image-855\" src=\"https:\/\/i0.wp.com\/rfmproductions.org\/wp-content\/uploads\/2022\/10\/unnamed-10.jpg?resize=300%2C200&#038;ssl=1\" alt=\"\" width=\"300\" height=\"200\" srcset=\"https:\/\/i0.wp.com\/rfmproductions.org\/wp-content\/uploads\/2022\/10\/unnamed-10.jpg?resize=300%2C200&amp;ssl=1 300w, https:\/\/i0.wp.com\/rfmproductions.org\/wp-content\/uploads\/2022\/10\/unnamed-10.jpg?w=512&amp;ssl=1 512w\" sizes=\"(max-width: 300px) 100vw, 300px\" \/><\/p>\r\n<p>&nbsp;<\/p>\r\n<p><b>9. Disparidades raciais\u00a0<\/b><\/p>\r\n<p><span style=\"font-weight: 400;\">A explora\u00e7\u00e3o ambiental afeta mais os negros, ind\u00edgenas e pessoas de cor (BIPOC), uma vez que agrava as desigualdades existentes na sociedade, que muitas vezes s\u00e3o moldadas pelo racismo e pelas disparidades raciais. Proteger as comunidades vulner\u00e1veis na Amaz\u00f4nia requer uma abordagem que considere as comunidades tribais e nativas mais afetadas, deslocadas pelos exploradores, como a solu\u00e7\u00e3o definitiva. Cientistas, ambientalistas e defensores da justi\u00e7a racial concordam que a melhor forma de superar a crise ambiental \u00e9 dar aos BIPOC os direitos que merecem, n\u00e3o apenas capacitando e ouvindo as comunidades ind\u00edgenas, mas colocando-as na frente e no centro do di\u00e1logo.\u00a0<\/span><\/p>\r\n<p><img data-recalc-dims=\"1\" loading=\"lazy\" decoding=\"async\" class=\"alignnone size-medium wp-image-856\" src=\"https:\/\/i0.wp.com\/rfmproductions.org\/wp-content\/uploads\/2022\/10\/unnamed-11.jpg?resize=300%2C200&#038;ssl=1\" alt=\"\" width=\"300\" height=\"200\" srcset=\"https:\/\/i0.wp.com\/rfmproductions.org\/wp-content\/uploads\/2022\/10\/unnamed-11.jpg?resize=300%2C200&amp;ssl=1 300w, https:\/\/i0.wp.com\/rfmproductions.org\/wp-content\/uploads\/2022\/10\/unnamed-11.jpg?w=512&amp;ssl=1 512w\" sizes=\"(max-width: 300px) 100vw, 300px\" \/><\/p>\r\n<p>&nbsp;<\/p>\r\n<ol start=\"10\">\r\n<li><b>Pol\u00edticos cegos\u00a0<\/b><\/li>\r\n<\/ol>\r\n<p><span style=\"font-weight: 400;\">Os l\u00edderes democr\u00e1ticos s\u00e3o limitados no seu mandato e na capacidade de atingir metas e reduzir as emiss\u00f5es de CO2. As altera\u00e7\u00f5es clim\u00e1ticas representam um grande desafio para a democracia. Se as emiss\u00f5es de gases com efeito de estufa n\u00e3o forem reduzidas, o impacto nas popula\u00e7\u00f5es, nas infraestruturas e na natureza ser\u00e1 terr\u00edvel, enquanto os sistemas de governo e os quadros democr\u00e1ticos ficar\u00e3o sob forte press\u00e3o.<\/span><\/p>\r\n<p><img data-recalc-dims=\"1\" loading=\"lazy\" decoding=\"async\" class=\"alignnone size-medium wp-image-857\" src=\"https:\/\/i0.wp.com\/rfmproductions.org\/wp-content\/uploads\/2022\/10\/unnamed-12.jpg?resize=300%2C199&#038;ssl=1\" alt=\"\" width=\"300\" height=\"199\" srcset=\"https:\/\/i0.wp.com\/rfmproductions.org\/wp-content\/uploads\/2022\/10\/unnamed-12.jpg?resize=300%2C199&amp;ssl=1 300w, https:\/\/i0.wp.com\/rfmproductions.org\/wp-content\/uploads\/2022\/10\/unnamed-12.jpg?w=512&amp;ssl=1 512w\" sizes=\"(max-width: 300px) 100vw, 300px\" \/><\/p>","protected":false},"excerpt":{"rendered":"<p>The environment is getting closer to its \u201ctipping point\u201d\u2014 when it will no longer be able to generate its own rainfall and support its tropical forest environments. The Monitoring of the Andean Amazon Project (MAAP), a project of the conservation nonprofit\u00a0Amazon Conservation Association found Estimates place the current deforestation level of the Amazon at 17 [&hellip;]<\/p>\n","protected":false},"author":3,"featured_media":848,"comment_status":"open","ping_status":"open","sticky":false,"template":"","format":"standard","meta":{"give_campaign_id":0,"nf_dc_page":"","om_disable_all_campaigns":false,"_monsterinsights_skip_tracking":false,"_monsterinsights_sitenote_active":false,"_monsterinsights_sitenote_note":"","_monsterinsights_sitenote_category":0,"_jetpack_memberships_contains_paid_content":false,"footnotes":""},"categories":[1],"tags":[],"class_list":["post-198","post","type-post","status-publish","format-standard","has-post-thumbnail","hentry","category-uncategorized"],"yoast_head":"<!-- This site is optimized with the Yoast SEO Premium plugin v26.0 (Yoast SEO v27.3) - https:\/\/yoast.com\/product\/yoast-seo-premium-wordpress\/ -->\n<title>THE CHALLENGE - RFM Productions<\/title>\n<meta name=\"robots\" content=\"index, follow, max-snippet:-1, max-image-preview:large, max-video-preview:-1\" \/>\n<link rel=\"canonical\" href=\"https:\/\/rfmproductions.org\/pt\/the-challenge\/\" \/>\n<meta property=\"og:locale\" content=\"pt_BR\" \/>\n<meta property=\"og:type\" content=\"article\" \/>\n<meta property=\"og:title\" content=\"THE CHALLENGE\" \/>\n<meta property=\"og:description\" content=\"The environment is getting closer to its \u201ctipping point\u201d\u2014 when it will no longer be able to generate its own rainfall and support its tropical forest environments. The Monitoring of the Andean Amazon Project (MAAP), a project of the conservation nonprofit\u00a0Amazon Conservation Association found Estimates place the current deforestation level of the Amazon at 17 [&hellip;]\" \/>\n<meta property=\"og:url\" content=\"https:\/\/rfmproductions.org\/pt\/the-challenge\/\" \/>\n<meta property=\"og:site_name\" content=\"RFM Productions\" \/>\n<meta property=\"article:published_time\" content=\"2022-10-25T12:05:43+00:00\" \/>\n<meta property=\"article:modified_time\" content=\"2022-12-01T07:18:39+00:00\" \/>\n<meta property=\"og:image\" content=\"https:\/\/rfmproductions.org\/wp-content\/uploads\/2022\/10\/unnamed-3.jpg\" \/>\n\t<meta property=\"og:image:width\" content=\"512\" \/>\n\t<meta property=\"og:image:height\" content=\"341\" \/>\n\t<meta property=\"og:image:type\" content=\"image\/jpeg\" \/>\n<meta name=\"author\" content=\"Abdullah Al Rakib\" \/>\n<meta name=\"twitter:card\" content=\"summary_large_image\" \/>\n<meta name=\"twitter:label1\" content=\"Escrito por\" \/>\n\t<meta name=\"twitter:data1\" content=\"Abdullah Al Rakib\" \/>\n\t<meta name=\"twitter:label2\" content=\"Est. tempo de leitura\" \/>\n\t<meta name=\"twitter:data2\" content=\"5 minutos\" \/>\n<script type=\"application\/ld+json\" class=\"yoast-schema-graph\">{\"@context\":\"https:\\\/\\\/schema.org\",\"@graph\":[{\"@type\":\"Article\",\"@id\":\"https:\\\/\\\/rfmproductions.org\\\/the-challenge\\\/#article\",\"isPartOf\":{\"@id\":\"https:\\\/\\\/rfmproductions.org\\\/the-challenge\\\/\"},\"author\":{\"name\":\"Abdullah Al Rakib\",\"@id\":\"http:\\\/\\\/box5236.temp.domains\\\/~rfmprodu\\\/#\\\/schema\\\/person\\\/9eb20bca4453e8558e6e56385a725bd9\"},\"headline\":\"THE CHALLENGE\",\"datePublished\":\"2022-10-25T12:05:43+00:00\",\"dateModified\":\"2022-12-01T07:18:39+00:00\",\"mainEntityOfPage\":{\"@id\":\"https:\\\/\\\/rfmproductions.org\\\/the-challenge\\\/\"},\"wordCount\":629,\"commentCount\":0,\"image\":{\"@id\":\"https:\\\/\\\/rfmproductions.org\\\/the-challenge\\\/#primaryimage\"},\"thumbnailUrl\":\"https:\\\/\\\/i0.wp.com\\\/rfmproductions.org\\\/wp-content\\\/uploads\\\/2022\\\/10\\\/unnamed-3.jpg?fit=512%2C341&ssl=1\",\"articleSection\":[\"Uncategorized\"],\"inLanguage\":\"pt-BR\",\"potentialAction\":[{\"@type\":\"CommentAction\",\"name\":\"Comment\",\"target\":[\"https:\\\/\\\/rfmproductions.org\\\/the-challenge\\\/#respond\"]}]},{\"@type\":\"WebPage\",\"@id\":\"https:\\\/\\\/rfmproductions.org\\\/the-challenge\\\/\",\"url\":\"https:\\\/\\\/rfmproductions.org\\\/the-challenge\\\/\",\"name\":\"THE CHALLENGE - RFM Productions\",\"isPartOf\":{\"@id\":\"http:\\\/\\\/box5236.temp.domains\\\/~rfmprodu\\\/#website\"},\"primaryImageOfPage\":{\"@id\":\"https:\\\/\\\/rfmproductions.org\\\/the-challenge\\\/#primaryimage\"},\"image\":{\"@id\":\"https:\\\/\\\/rfmproductions.org\\\/the-challenge\\\/#primaryimage\"},\"thumbnailUrl\":\"https:\\\/\\\/i0.wp.com\\\/rfmproductions.org\\\/wp-content\\\/uploads\\\/2022\\\/10\\\/unnamed-3.jpg?fit=512%2C341&ssl=1\",\"datePublished\":\"2022-10-25T12:05:43+00:00\",\"dateModified\":\"2022-12-01T07:18:39+00:00\",\"author\":{\"@id\":\"http:\\\/\\\/box5236.temp.domains\\\/~rfmprodu\\\/#\\\/schema\\\/person\\\/9eb20bca4453e8558e6e56385a725bd9\"},\"breadcrumb\":{\"@id\":\"https:\\\/\\\/rfmproductions.org\\\/the-challenge\\\/#breadcrumb\"},\"inLanguage\":\"pt-BR\",\"potentialAction\":[{\"@type\":\"ReadAction\",\"target\":[\"https:\\\/\\\/rfmproductions.org\\\/the-challenge\\\/\"]}]},{\"@type\":\"ImageObject\",\"inLanguage\":\"pt-BR\",\"@id\":\"https:\\\/\\\/rfmproductions.org\\\/the-challenge\\\/#primaryimage\",\"url\":\"https:\\\/\\\/i0.wp.com\\\/rfmproductions.org\\\/wp-content\\\/uploads\\\/2022\\\/10\\\/unnamed-3.jpg?fit=512%2C341&ssl=1\",\"contentUrl\":\"https:\\\/\\\/i0.wp.com\\\/rfmproductions.org\\\/wp-content\\\/uploads\\\/2022\\\/10\\\/unnamed-3.jpg?fit=512%2C341&ssl=1\",\"width\":512,\"height\":341},{\"@type\":\"BreadcrumbList\",\"@id\":\"https:\\\/\\\/rfmproductions.org\\\/the-challenge\\\/#breadcrumb\",\"itemListElement\":[{\"@type\":\"ListItem\",\"position\":1,\"name\":\"Home\",\"item\":\"https:\\\/\\\/rfmproductions.org\\\/\"},{\"@type\":\"ListItem\",\"position\":2,\"name\":\"THE CHALLENGE\"}]},{\"@type\":\"WebSite\",\"@id\":\"http:\\\/\\\/box5236.temp.domains\\\/~rfmprodu\\\/#website\",\"url\":\"http:\\\/\\\/box5236.temp.domains\\\/~rfmprodu\\\/\",\"name\":\"RFM Productions\",\"description\":\"RFM Productions is the only minority and women-led nonprofit, nonpartisan organization\",\"potentialAction\":[{\"@type\":\"SearchAction\",\"target\":{\"@type\":\"EntryPoint\",\"urlTemplate\":\"http:\\\/\\\/box5236.temp.domains\\\/~rfmprodu\\\/?s={search_term_string}\"},\"query-input\":{\"@type\":\"PropertyValueSpecification\",\"valueRequired\":true,\"valueName\":\"search_term_string\"}}],\"inLanguage\":\"pt-BR\"},{\"@type\":\"Person\",\"@id\":\"http:\\\/\\\/box5236.temp.domains\\\/~rfmprodu\\\/#\\\/schema\\\/person\\\/9eb20bca4453e8558e6e56385a725bd9\",\"name\":\"Abdullah Al Rakib\",\"image\":{\"@type\":\"ImageObject\",\"inLanguage\":\"pt-BR\",\"@id\":\"https:\\\/\\\/secure.gravatar.com\\\/avatar\\\/e2f3e07cc74117afe009c307ecc8e4181217541841baf5d42d8d2b056ccc5a76?s=96&d=mm&r=g\",\"url\":\"https:\\\/\\\/secure.gravatar.com\\\/avatar\\\/e2f3e07cc74117afe009c307ecc8e4181217541841baf5d42d8d2b056ccc5a76?s=96&d=mm&r=g\",\"contentUrl\":\"https:\\\/\\\/secure.gravatar.com\\\/avatar\\\/e2f3e07cc74117afe009c307ecc8e4181217541841baf5d42d8d2b056ccc5a76?s=96&d=mm&r=g\",\"caption\":\"Abdullah Al Rakib\"},\"url\":\"https:\\\/\\\/rfmproductions.org\\\/pt\\\/author\\\/rakib\\\/\"}]}<\/script>\n<!-- \/ Yoast SEO Premium plugin. -->","yoast_head_json":{"title":"THE CHALLENGE - RFM Productions","robots":{"index":"index","follow":"follow","max-snippet":"max-snippet:-1","max-image-preview":"max-image-preview:large","max-video-preview":"max-video-preview:-1"},"canonical":"https:\/\/rfmproductions.org\/pt\/the-challenge\/","og_locale":"pt_BR","og_type":"article","og_title":"THE CHALLENGE","og_description":"The environment is getting closer to its \u201ctipping point\u201d\u2014 when it will no longer be able to generate its own rainfall and support its tropical forest environments. The Monitoring of the Andean Amazon Project (MAAP), a project of the conservation nonprofit\u00a0Amazon Conservation Association found Estimates place the current deforestation level of the Amazon at 17 [&hellip;]","og_url":"https:\/\/rfmproductions.org\/pt\/the-challenge\/","og_site_name":"RFM Productions","article_published_time":"2022-10-25T12:05:43+00:00","article_modified_time":"2022-12-01T07:18:39+00:00","og_image":[{"width":512,"height":341,"url":"https:\/\/rfmproductions.org\/wp-content\/uploads\/2022\/10\/unnamed-3.jpg","type":"image\/jpeg"}],"author":"Abdullah Al Rakib","twitter_card":"summary_large_image","twitter_misc":{"Escrito por":"Abdullah Al Rakib","Est. tempo de leitura":"5 minutos"},"schema":{"@context":"https:\/\/schema.org","@graph":[{"@type":"Article","@id":"https:\/\/rfmproductions.org\/the-challenge\/#article","isPartOf":{"@id":"https:\/\/rfmproductions.org\/the-challenge\/"},"author":{"name":"Abdullah Al Rakib","@id":"http:\/\/box5236.temp.domains\/~rfmprodu\/#\/schema\/person\/9eb20bca4453e8558e6e56385a725bd9"},"headline":"THE CHALLENGE","datePublished":"2022-10-25T12:05:43+00:00","dateModified":"2022-12-01T07:18:39+00:00","mainEntityOfPage":{"@id":"https:\/\/rfmproductions.org\/the-challenge\/"},"wordCount":629,"commentCount":0,"image":{"@id":"https:\/\/rfmproductions.org\/the-challenge\/#primaryimage"},"thumbnailUrl":"https:\/\/i0.wp.com\/rfmproductions.org\/wp-content\/uploads\/2022\/10\/unnamed-3.jpg?fit=512%2C341&ssl=1","articleSection":["Uncategorized"],"inLanguage":"pt-BR","potentialAction":[{"@type":"CommentAction","name":"Comment","target":["https:\/\/rfmproductions.org\/the-challenge\/#respond"]}]},{"@type":"WebPage","@id":"https:\/\/rfmproductions.org\/the-challenge\/","url":"https:\/\/rfmproductions.org\/the-challenge\/","name":"THE CHALLENGE - RFM Productions","isPartOf":{"@id":"http:\/\/box5236.temp.domains\/~rfmprodu\/#website"},"primaryImageOfPage":{"@id":"https:\/\/rfmproductions.org\/the-challenge\/#primaryimage"},"image":{"@id":"https:\/\/rfmproductions.org\/the-challenge\/#primaryimage"},"thumbnailUrl":"https:\/\/i0.wp.com\/rfmproductions.org\/wp-content\/uploads\/2022\/10\/unnamed-3.jpg?fit=512%2C341&ssl=1","datePublished":"2022-10-25T12:05:43+00:00","dateModified":"2022-12-01T07:18:39+00:00","author":{"@id":"http:\/\/box5236.temp.domains\/~rfmprodu\/#\/schema\/person\/9eb20bca4453e8558e6e56385a725bd9"},"breadcrumb":{"@id":"https:\/\/rfmproductions.org\/the-challenge\/#breadcrumb"},"inLanguage":"pt-BR","potentialAction":[{"@type":"ReadAction","target":["https:\/\/rfmproductions.org\/the-challenge\/"]}]},{"@type":"ImageObject","inLanguage":"pt-BR","@id":"https:\/\/rfmproductions.org\/the-challenge\/#primaryimage","url":"https:\/\/i0.wp.com\/rfmproductions.org\/wp-content\/uploads\/2022\/10\/unnamed-3.jpg?fit=512%2C341&ssl=1","contentUrl":"https:\/\/i0.wp.com\/rfmproductions.org\/wp-content\/uploads\/2022\/10\/unnamed-3.jpg?fit=512%2C341&ssl=1","width":512,"height":341},{"@type":"BreadcrumbList","@id":"https:\/\/rfmproductions.org\/the-challenge\/#breadcrumb","itemListElement":[{"@type":"ListItem","position":1,"name":"Home","item":"https:\/\/rfmproductions.org\/"},{"@type":"ListItem","position":2,"name":"THE CHALLENGE"}]},{"@type":"WebSite","@id":"http:\/\/box5236.temp.domains\/~rfmprodu\/#website","url":"http:\/\/box5236.temp.domains\/~rfmprodu\/","name":"RFM Productions","description":"RFM Productions is the only minority and women-led nonprofit, nonpartisan organization","potentialAction":[{"@type":"SearchAction","target":{"@type":"EntryPoint","urlTemplate":"http:\/\/box5236.temp.domains\/~rfmprodu\/?s={search_term_string}"},"query-input":{"@type":"PropertyValueSpecification","valueRequired":true,"valueName":"search_term_string"}}],"inLanguage":"pt-BR"},{"@type":"Person","@id":"http:\/\/box5236.temp.domains\/~rfmprodu\/#\/schema\/person\/9eb20bca4453e8558e6e56385a725bd9","name":"Abdullah Al Rakib","image":{"@type":"ImageObject","inLanguage":"pt-BR","@id":"https:\/\/secure.gravatar.com\/avatar\/e2f3e07cc74117afe009c307ecc8e4181217541841baf5d42d8d2b056ccc5a76?s=96&d=mm&r=g","url":"https:\/\/secure.gravatar.com\/avatar\/e2f3e07cc74117afe009c307ecc8e4181217541841baf5d42d8d2b056ccc5a76?s=96&d=mm&r=g","contentUrl":"https:\/\/secure.gravatar.com\/avatar\/e2f3e07cc74117afe009c307ecc8e4181217541841baf5d42d8d2b056ccc5a76?s=96&d=mm&r=g","caption":"Abdullah Al Rakib"},"url":"https:\/\/rfmproductions.org\/pt\/author\/rakib\/"}]}},"jetpack_featured_media_url":"https:\/\/i0.wp.com\/rfmproductions.org\/wp-content\/uploads\/2022\/10\/unnamed-3.jpg?fit=512%2C341&ssl=1","jetpack_sharing_enabled":true,"_links":{"self":[{"href":"https:\/\/rfmproductions.org\/pt\/wp-json\/wp\/v2\/posts\/198","targetHints":{"allow":["GET"]}}],"collection":[{"href":"https:\/\/rfmproductions.org\/pt\/wp-json\/wp\/v2\/posts"}],"about":[{"href":"https:\/\/rfmproductions.org\/pt\/wp-json\/wp\/v2\/types\/post"}],"author":[{"embeddable":true,"href":"https:\/\/rfmproductions.org\/pt\/wp-json\/wp\/v2\/users\/3"}],"replies":[{"embeddable":true,"href":"https:\/\/rfmproductions.org\/pt\/wp-json\/wp\/v2\/comments?post=198"}],"version-history":[{"count":5,"href":"https:\/\/rfmproductions.org\/pt\/wp-json\/wp\/v2\/posts\/198\/revisions"}],"predecessor-version":[{"id":1505,"href":"https:\/\/rfmproductions.org\/pt\/wp-json\/wp\/v2\/posts\/198\/revisions\/1505"}],"wp:featuredmedia":[{"embeddable":true,"href":"https:\/\/rfmproductions.org\/pt\/wp-json\/wp\/v2\/media\/848"}],"wp:attachment":[{"href":"https:\/\/rfmproductions.org\/pt\/wp-json\/wp\/v2\/media?parent=198"}],"wp:term":[{"taxonomy":"category","embeddable":true,"href":"https:\/\/rfmproductions.org\/pt\/wp-json\/wp\/v2\/categories?post=198"},{"taxonomy":"post_tag","embeddable":true,"href":"https:\/\/rfmproductions.org\/pt\/wp-json\/wp\/v2\/tags?post=198"}],"curies":[{"name":"wp","href":"https:\/\/api.w.org\/{rel}","templated":true}]}}