{"id":1898,"date":"2023-10-08T12:19:24","date_gmt":"2023-10-08T12:19:24","guid":{"rendered":"https:\/\/rfmproductions.org\/?p=1898"},"modified":"2023-10-22T06:44:24","modified_gmt":"2023-10-22T06:44:24","slug":"amzbioecon","status":"publish","type":"post","link":"https:\/\/rfmproductions.org\/pt\/amzbioecon\/","title":{"rendered":"BIOECONOMIA DO PANAMAZ\u00d4NIA"},"content":{"rendered":"<div data-elementor-type=\"wp-post\" data-elementor-id=\"1898\" class=\"elementor elementor-1898\">\n\t\t\t\t\t\t<section class=\"ob-is-breaking-bad elementor-section elementor-top-section elementor-element elementor-element-ba453cc elementor-section-boxed elementor-section-height-default elementor-section-height-default\" data-id=\"ba453cc\" data-element_type=\"section\" data-e-type=\"section\" data-settings=\"{&quot;_ob_bbad_use_it&quot;:&quot;yes&quot;,&quot;_ob_bbad_sssic_use&quot;:&quot;no&quot;,&quot;_ob_glider_is_slider&quot;:&quot;no&quot;}\">\n\t\t\t\t\t\t<div class=\"elementor-container elementor-column-gap-default\">\n\t\t\t\t\t<div class=\"elementor-column elementor-col-100 elementor-top-column elementor-element elementor-element-7e26169\" data-id=\"7e26169\" data-element_type=\"column\" data-e-type=\"column\" data-settings=\"{&quot;_ob_bbad_is_stalker&quot;:&quot;no&quot;,&quot;_ob_teleporter_use&quot;:false,&quot;_ob_column_hoveranimator&quot;:&quot;no&quot;,&quot;_ob_column_has_pseudo&quot;:&quot;no&quot;}\">\n\t\t\t<div class=\"elementor-widget-wrap elementor-element-populated\">\n\t\t\t\t\t\t<div class=\"elementor-element elementor-element-f081b0f ob-harakiri-inherit ob-has-background-overlay elementor-widget elementor-widget-heading\" data-id=\"f081b0f\" data-element_type=\"widget\" data-e-type=\"widget\" data-settings=\"{&quot;_ob_use_harakiri&quot;:&quot;yes&quot;,&quot;_ob_harakiri_writing_mode&quot;:&quot;inherit&quot;,&quot;_ob_harakiri_text_clip&quot;:&quot;none&quot;,&quot;_ob_perspektive_use&quot;:&quot;no&quot;,&quot;_ob_poopart_use&quot;:&quot;yes&quot;,&quot;_ob_shadough_use&quot;:&quot;no&quot;,&quot;_ob_allow_hoveranimator&quot;:&quot;no&quot;,&quot;_ob_widget_stalker_use&quot;:&quot;no&quot;}\" data-widget_type=\"heading.default\">\n\t\t\t\t<div class=\"elementor-widget-container\">\n\t\t\t\t\t<h2 class=\"elementor-heading-title elementor-size-default\">AOS CHEFES DE ESTADO E AOS MINISTROS DOS 9 PA\u00cdSES DA AMAZ\u00d4NIA<\/h2>\t\t\t\t<\/div>\n\t\t\t\t<\/div>\n\t\t\t\t\t<\/div>\n\t\t<\/div>\n\t\t\t\t\t<\/div>\n\t\t<\/section>\n\t\t\t\t<section class=\"ob-is-breaking-bad elementor-section elementor-top-section elementor-element elementor-element-697e5d8 elementor-section-boxed elementor-section-height-default elementor-section-height-default\" data-id=\"697e5d8\" data-element_type=\"section\" data-e-type=\"section\" data-settings=\"{&quot;_ob_bbad_use_it&quot;:&quot;yes&quot;,&quot;_ob_bbad_sssic_use&quot;:&quot;no&quot;,&quot;_ob_glider_is_slider&quot;:&quot;no&quot;}\">\n\t\t\t\t\t\t<div class=\"elementor-container elementor-column-gap-default\">\n\t\t\t\t\t<div class=\"elementor-column elementor-col-100 elementor-top-column elementor-element elementor-element-37a75706\" data-id=\"37a75706\" data-element_type=\"column\" data-e-type=\"column\" data-settings=\"{&quot;_ob_bbad_is_stalker&quot;:&quot;no&quot;,&quot;_ob_teleporter_use&quot;:false,&quot;_ob_column_hoveranimator&quot;:&quot;no&quot;,&quot;_ob_column_has_pseudo&quot;:&quot;no&quot;}\">\n\t\t\t<div class=\"elementor-widget-wrap elementor-element-populated\">\n\t\t\t\t\t\t<div class=\"elementor-element elementor-element-77d68dbf ob-harakiri-inherit ob-has-background-overlay elementor-widget elementor-widget-text-editor\" data-id=\"77d68dbf\" data-element_type=\"widget\" data-e-type=\"widget\" data-settings=\"{&quot;_ob_use_harakiri&quot;:&quot;yes&quot;,&quot;_ob_harakiri_writing_mode&quot;:&quot;inherit&quot;,&quot;_ob_postman_use&quot;:&quot;no&quot;,&quot;_ob_perspektive_use&quot;:&quot;no&quot;,&quot;_ob_poopart_use&quot;:&quot;yes&quot;,&quot;_ob_shadough_use&quot;:&quot;no&quot;,&quot;_ob_allow_hoveranimator&quot;:&quot;no&quot;,&quot;_ob_widget_stalker_use&quot;:&quot;no&quot;}\" data-widget_type=\"text-editor.default\">\n\t\t\t\t<div class=\"elementor-widget-container\">\n\t\t\t\t\t\t\t\t\t<p class=\"p1\">Em prepara\u00e7\u00e3o para a C\u00fapula da Amaz\u00f4nia - 4\u00b0 Reuni\u00e3o dos Chefes dos Estados partes do Tratado de Coopera\u00e7\u00e3o Amaz\u00f4nica, aproximadamente 300 indiv\u00edduos de mais de 100 organiza\u00e7\u00f5es colaboraram no desenvolvimento de 31 propostas com o objetivo de aprimorar a bioeconomia da Amaz\u00f4nia com suas florestas permanentes e seus rios correntes, respeitando o modo de vida dos Povos Ind\u00edgenas, Afrodescendentes e comunidades tradicionais, e ainda melhorando a prosperidade s\u00f3cio-econ\u00f4mica dos povos deste bioma.   Nosso objetivo \u00e9 contribuir com seus esfor\u00e7os em conservar a Amaz\u00f4nia para seu povo e para o mundo, com propostas concretas em como apoiar uma bioeconomia que seja a ponta de uma lan\u00e7a em um novo modelo econ\u00f4mico da regi\u00e3o. \u00c9 poss\u00edvel uma nova, e mais forte economia para a os pa\u00edses da Amaz\u00f4nia - uma que seja constru\u00edda com atividades econ\u00f4micas compat\u00edveis com a floresta, um robusto estado de direito e um aberto e franco di\u00e1logo com os mais variados interessados que estejam comprometidos com a causa, particularmente comunidades ind\u00edgenas e locais, que vivem na regi\u00e3o da Amaz\u00f4nia. N\u00f3s estamos prontos para desempenhar um papel consultivo \u00e0 medida que voc\u00ea avan\u00e7a em seus empreendimentos.<\/p>\t\t\t\t\t\t\t\t<\/div>\n\t\t\t\t<\/div>\n\t\t\t\t<div class=\"elementor-element elementor-element-97f4814 ob-harakiri-inherit ob-has-background-overlay elementor-widget elementor-widget-text-editor\" data-id=\"97f4814\" data-element_type=\"widget\" data-e-type=\"widget\" data-settings=\"{&quot;_ob_use_harakiri&quot;:&quot;yes&quot;,&quot;_ob_harakiri_writing_mode&quot;:&quot;inherit&quot;,&quot;_ob_postman_use&quot;:&quot;no&quot;,&quot;_ob_perspektive_use&quot;:&quot;no&quot;,&quot;_ob_poopart_use&quot;:&quot;yes&quot;,&quot;_ob_shadough_use&quot;:&quot;no&quot;,&quot;_ob_allow_hoveranimator&quot;:&quot;no&quot;,&quot;_ob_widget_stalker_use&quot;:&quot;no&quot;}\" data-widget_type=\"text-editor.default\">\n\t\t\t\t<div class=\"elementor-widget-container\">\n\t\t\t\t\t\t\t\t\t<p class=\"p1\">APELO \u00c0 A\u00c7\u00c3O: PARA DIMENSIONAR UMA BIOECONOMIA\u00a0 <br \/>PANAMAZ\u00d4NICA ADEQUADA<\/p>\t\t\t\t\t\t\t\t<\/div>\n\t\t\t\t<\/div>\n\t\t\t\t<div class=\"elementor-element elementor-element-9375efc ob-harakiri-inherit ob-has-background-overlay elementor-widget elementor-widget-text-editor\" data-id=\"9375efc\" data-element_type=\"widget\" data-e-type=\"widget\" data-settings=\"{&quot;_ob_use_harakiri&quot;:&quot;yes&quot;,&quot;_ob_harakiri_writing_mode&quot;:&quot;inherit&quot;,&quot;_ob_postman_use&quot;:&quot;no&quot;,&quot;_ob_perspektive_use&quot;:&quot;no&quot;,&quot;_ob_poopart_use&quot;:&quot;yes&quot;,&quot;_ob_shadough_use&quot;:&quot;no&quot;,&quot;_ob_allow_hoveranimator&quot;:&quot;no&quot;,&quot;_ob_widget_stalker_use&quot;:&quot;no&quot;}\" data-widget_type=\"text-editor.default\">\n\t\t\t\t<div class=\"elementor-widget-container\">\n\t\t\t\t\t\t\t\t\t<p class=\"p1\">RECOMENDA\u00c7\u00d5ES PARA A 1\u00b0<\/p><p class=\"p1\">CONFER\u00caNCIA PANAMAZ\u00d4NICA DE BIOECONOMIA<\/p>\t\t\t\t\t\t\t\t<\/div>\n\t\t\t\t<\/div>\n\t\t\t\t<div class=\"elementor-element elementor-element-587a473 ob-harakiri-inherit ob-has-background-overlay elementor-widget elementor-widget-text-editor\" data-id=\"587a473\" data-element_type=\"widget\" data-e-type=\"widget\" data-settings=\"{&quot;_ob_use_harakiri&quot;:&quot;yes&quot;,&quot;_ob_harakiri_writing_mode&quot;:&quot;inherit&quot;,&quot;_ob_postman_use&quot;:&quot;no&quot;,&quot;_ob_perspektive_use&quot;:&quot;no&quot;,&quot;_ob_poopart_use&quot;:&quot;yes&quot;,&quot;_ob_shadough_use&quot;:&quot;no&quot;,&quot;_ob_allow_hoveranimator&quot;:&quot;no&quot;,&quot;_ob_widget_stalker_use&quot;:&quot;no&quot;}\" data-widget_type=\"text-editor.default\">\n\t\t\t\t<div class=\"elementor-widget-container\">\n\t\t\t\t\t\t\t\t\t<p class=\"p1\">Realizada na Cidade de Bel\u00e9m do Par\u00e1 em 21 e 22 de junho, 2023<\/p>\t\t\t\t\t\t\t\t<\/div>\n\t\t\t\t<\/div>\n\t\t\t\t<div class=\"elementor-element elementor-element-2b69570 ob-harakiri-inherit ob-has-background-overlay elementor-widget elementor-widget-text-editor\" data-id=\"2b69570\" data-element_type=\"widget\" data-e-type=\"widget\" data-settings=\"{&quot;_ob_use_harakiri&quot;:&quot;yes&quot;,&quot;_ob_harakiri_writing_mode&quot;:&quot;inherit&quot;,&quot;_ob_postman_use&quot;:&quot;no&quot;,&quot;_ob_perspektive_use&quot;:&quot;no&quot;,&quot;_ob_poopart_use&quot;:&quot;yes&quot;,&quot;_ob_shadough_use&quot;:&quot;no&quot;,&quot;_ob_allow_hoveranimator&quot;:&quot;no&quot;,&quot;_ob_widget_stalker_use&quot;:&quot;no&quot;}\" data-widget_type=\"text-editor.default\">\n\t\t\t\t<div class=\"elementor-widget-container\">\n\t\t\t\t\t\t\t\t\t<p class=\"p1\">A Amaz\u00f4nia est\u00e1 em um ponto de ruptura em termos de desmatamento e degrada\u00e7\u00e3o que seria devastador para a Am\u00e9rica do Sul e para o Mundo. Cientistas alertam que este ponto de ruptura \u00e9 um n\u00edvel de desmatamento 20-25 por cento do total coberto da floresta. Alarmantemente, com os n\u00edveis atuais de desmatamento, 27 por cento da Amaz\u00f4nia estar\u00e1 desmatada at\u00e9 2030.  Atingir o ponto de ruptura resultaria em mudan\u00e7as profundas nas precipita\u00e7\u00f5es e temperaturas da regi\u00e3o, que iriam prejudicar as economias de todos os pa\u00edses da Amaz\u00f4nia,<\/p><p class=\"p1\">assim como o modo de vida as pessoas al\u00e9m de colocar a trajet\u00f3ria do Acordo de Paris de 1.5\u00b0C fora do alcance.<\/p>\t\t\t\t\t\t\t\t<\/div>\n\t\t\t\t<\/div>\n\t\t\t\t<div class=\"elementor-element elementor-element-e4d52c6 ob-harakiri-inherit ob-has-background-overlay elementor-widget elementor-widget-text-editor\" data-id=\"e4d52c6\" data-element_type=\"widget\" data-e-type=\"widget\" data-settings=\"{&quot;_ob_use_harakiri&quot;:&quot;yes&quot;,&quot;_ob_harakiri_writing_mode&quot;:&quot;inherit&quot;,&quot;_ob_postman_use&quot;:&quot;no&quot;,&quot;_ob_perspektive_use&quot;:&quot;no&quot;,&quot;_ob_poopart_use&quot;:&quot;yes&quot;,&quot;_ob_shadough_use&quot;:&quot;no&quot;,&quot;_ob_allow_hoveranimator&quot;:&quot;no&quot;,&quot;_ob_widget_stalker_use&quot;:&quot;no&quot;}\" data-widget_type=\"text-editor.default\">\n\t\t\t\t<div class=\"elementor-widget-container\">\n\t\t\t\t\t\t\t\t\t<p class=\"p1\">Agora \u00e9 nossa \u00faltima e melhor chance<\/p><p class=\"p1\">de mudar o curso e manter estas preciosas florestas<\/p><p class=\"p1\">que protegem o futuro da vida na Terra.<\/p><p class=\"p1\">A pr\u00f3xima d\u00e9cada ir\u00e1 definir se a Amaz\u00f4nia - casa de mais de 47 milh\u00f5es de habitantes - a maioria sendo ind\u00edgena, afrodescendentes ou comunidades tradicionais - ir\u00e1 continuar com o empreendimento igual ou se ir\u00e1 se tornar o catalisador de uma nova economia para as florestas permanentes e com correntes rios para seu povo e para o mundo.<\/p>\t\t\t\t\t\t\t\t<\/div>\n\t\t\t\t<\/div>\n\t\t\t\t<div class=\"elementor-element elementor-element-b7454c6 ob-harakiri-inherit ob-has-background-overlay elementor-widget elementor-widget-text-editor\" data-id=\"b7454c6\" data-element_type=\"widget\" data-e-type=\"widget\" data-settings=\"{&quot;_ob_use_harakiri&quot;:&quot;yes&quot;,&quot;_ob_harakiri_writing_mode&quot;:&quot;inherit&quot;,&quot;_ob_postman_use&quot;:&quot;no&quot;,&quot;_ob_perspektive_use&quot;:&quot;no&quot;,&quot;_ob_poopart_use&quot;:&quot;yes&quot;,&quot;_ob_shadough_use&quot;:&quot;no&quot;,&quot;_ob_allow_hoveranimator&quot;:&quot;no&quot;,&quot;_ob_widget_stalker_use&quot;:&quot;no&quot;}\" data-widget_type=\"text-editor.default\">\n\t\t\t\t<div class=\"elementor-widget-container\">\n\t\t\t\t\t\t\t\t\t<p class=\"p1\">Evid\u00eancia da viabilidade econ\u00f4mica deste modelo alternativo \u00e9 a montagem. Pesquisas recentes descobriram que, por exemplo, para o Brasil, um novo paradigma economico poderia crescer o PIB anual da Amaz\u00f4nia Brasileira  em R$40 bilh\u00f5es, pode criar 312.000 trabalhos adicionais at\u00e9 2050<\/p><p class=\"p1\">comparado com o empreendimento usual e pode colocar o Brazil no caminho dos 1,5\u00b0C. Este novo modelo econ\u00f4mico \u00e9 relevante para todos os pa\u00edses Amaz\u00f4nicos. Cada pa\u00eds cont\u00e9m uma fartura de produtos \u201ccompat\u00edveis com a floresta\u201d, mas ainda eles est\u00e3o recebendo, coletivamente, apenas 0,17 por cento do total do valor potencial do mercado global. Com as pol\u00edticas corretas, que podem mudar para criar novos empregos e renda para todos os pa\u00edses Amaz\u00f4nicos, aumentar a produ\u00e7\u00e3o da terra, reduzir o estresse h\u00eddrico e a perda de fertilidade do solo.<\/p><p class=\"p1\">A bioeconomia pode  ser o ponto de partida neste novo paradigma de economia. Uma bioeconomia definida localmente e inspirada nos ind\u00edgenas pode oferecer aos ind\u00edgenas, comunidades tradicionais e com\u00e9rcios locais alinhados os meios de continuar protegendo a floresta enquanto prov\u00ea a eles uma oportunidade de aumentar suas expectativas de vida. Este novo paradigma pode conect\u00e1-los a ambi\u00e7\u00f5es nacionais refor\u00e7adas, ao aumento do financiamento e a uma economia internacional pronta para apoiar esfor\u00e7os coesivos na regi\u00e3o. A bioeconomia tamb\u00e9m fornece servi\u00e7os ecossist\u00eamicos essenciais para outros setores, especialmente agricultura, como a irriga\u00e7\u00e3o por \u00e1gua das chuvas, regula\u00e7\u00e3o clim\u00e1tica, poliniza\u00e7\u00e3o, prote\u00e7\u00e3o do solo e da \u00e1gua e sequestro de carbono.<\/p>\t\t\t\t\t\t\t\t<\/div>\n\t\t\t\t<\/div>\n\t\t\t\t<div class=\"elementor-element elementor-element-706d56c ob-harakiri-inherit ob-has-background-overlay elementor-widget elementor-widget-text-editor\" data-id=\"706d56c\" data-element_type=\"widget\" data-e-type=\"widget\" data-settings=\"{&quot;_ob_use_harakiri&quot;:&quot;yes&quot;,&quot;_ob_harakiri_writing_mode&quot;:&quot;inherit&quot;,&quot;_ob_postman_use&quot;:&quot;no&quot;,&quot;_ob_perspektive_use&quot;:&quot;no&quot;,&quot;_ob_poopart_use&quot;:&quot;yes&quot;,&quot;_ob_shadough_use&quot;:&quot;no&quot;,&quot;_ob_allow_hoveranimator&quot;:&quot;no&quot;,&quot;_ob_widget_stalker_use&quot;:&quot;no&quot;}\" data-widget_type=\"text-editor.default\">\n\t\t\t\t<div class=\"elementor-widget-container\">\n\t\t\t\t\t\t\t\t\t<p class=\"p1\">Um novo coletivo de partes interessadas<\/p><p class=\"p1\">surgiu.  A Confer\u00eancia Pan-Amaz\u00f4nica pela Bioeconomia trouxe l\u00edderes e especialistas de todos os noves pa\u00edses Amaz\u00f4nicos e diversos governos apoiadores, abrangendo comunidades ind\u00edgenas, acad\u00eamicos, empreendedores, investidores, organiza\u00e7\u00f5es internacionais, grupos de reflex\u00e3o, organiza\u00e7\u00f5es sociais civis nacionais e regionais e movimentos sociais dispostos a continuar trabalhando em conjunto na troca de conhecimento, melhores pr\u00e1ticas e agir como conselheiros aos governos e institui\u00e7\u00f5es regionais.<\/p>\t\t\t\t\t\t\t\t<\/div>\n\t\t\t\t<\/div>\n\t\t\t\t<div class=\"elementor-element elementor-element-e561847 ob-harakiri-inherit ob-has-background-overlay elementor-widget elementor-widget-text-editor\" data-id=\"e561847\" data-element_type=\"widget\" data-e-type=\"widget\" data-settings=\"{&quot;_ob_use_harakiri&quot;:&quot;yes&quot;,&quot;_ob_harakiri_writing_mode&quot;:&quot;inherit&quot;,&quot;_ob_postman_use&quot;:&quot;no&quot;,&quot;_ob_perspektive_use&quot;:&quot;no&quot;,&quot;_ob_poopart_use&quot;:&quot;yes&quot;,&quot;_ob_shadough_use&quot;:&quot;no&quot;,&quot;_ob_allow_hoveranimator&quot;:&quot;no&quot;,&quot;_ob_widget_stalker_use&quot;:&quot;no&quot;}\" data-widget_type=\"text-editor.default\">\n\t\t\t\t<div class=\"elementor-widget-container\">\n\t\t\t\t\t\t\t\t\t<p class=\"p1\">Estes coletivos instam os l\u00edderes dos governos da Amaz\u00f4nia em reconhecerem formalmente o potencial para economias robustas baseadas na sociobiodiversidade em estabelecer estrat\u00e9gias e pol\u00edticas nacionais para apoiarem e melhorarem a transi\u00e7\u00e3o de tais economias e al\u00e9m dos modelos antigos destrutivos, como uma quest\u00e3o priorit\u00e1ria e de seguran\u00e7a nacional e subnacional, incluindo entre as a\u00e7\u00f5es seguintes, recomenda\u00e7\u00f5es espec\u00edficas:<\/p>\t\t\t\t\t\t\t\t<\/div>\n\t\t\t\t<\/div>\n\t\t\t\t<div class=\"elementor-element elementor-element-8baf981 ob-harakiri-inherit ob-has-background-overlay elementor-widget elementor-widget-text-editor\" data-id=\"8baf981\" data-element_type=\"widget\" data-e-type=\"widget\" data-settings=\"{&quot;_ob_use_harakiri&quot;:&quot;yes&quot;,&quot;_ob_harakiri_writing_mode&quot;:&quot;inherit&quot;,&quot;_ob_postman_use&quot;:&quot;no&quot;,&quot;_ob_perspektive_use&quot;:&quot;no&quot;,&quot;_ob_poopart_use&quot;:&quot;yes&quot;,&quot;_ob_shadough_use&quot;:&quot;no&quot;,&quot;_ob_allow_hoveranimator&quot;:&quot;no&quot;,&quot;_ob_widget_stalker_use&quot;:&quot;no&quot;}\" data-widget_type=\"text-editor.default\">\n\t\t\t\t<div class=\"elementor-widget-container\">\n\t\t\t\t\t\t\t\t\t<p class=\"p1\">Por fim ao desmatamento ilegal, economias e viol\u00eancia associada e refor\u00e7ar o estado de direito deve ser a prioridade n\u00famero um do governo.<\/p>\t\t\t\t\t\t\t\t<\/div>\n\t\t\t\t<\/div>\n\t\t\t\t<div class=\"elementor-element elementor-element-d1842c0 ob-harakiri-inherit ob-has-background-overlay elementor-widget elementor-widget-text-editor\" data-id=\"d1842c0\" data-element_type=\"widget\" data-e-type=\"widget\" data-settings=\"{&quot;_ob_use_harakiri&quot;:&quot;yes&quot;,&quot;_ob_harakiri_writing_mode&quot;:&quot;inherit&quot;,&quot;_ob_postman_use&quot;:&quot;no&quot;,&quot;_ob_perspektive_use&quot;:&quot;no&quot;,&quot;_ob_poopart_use&quot;:&quot;yes&quot;,&quot;_ob_shadough_use&quot;:&quot;no&quot;,&quot;_ob_allow_hoveranimator&quot;:&quot;no&quot;,&quot;_ob_widget_stalker_use&quot;:&quot;no&quot;}\" data-widget_type=\"text-editor.default\">\n\t\t\t\t<div class=\"elementor-widget-container\">\n\t\t\t\t\t\t\t\t\t<p class=\"p1\">Reconhecer que os povos ind\u00edgenas, afrodescendentes e comunidades tradicionais s\u00e3o respons\u00e1veis pela prote\u00e7\u00e3o as maiores por\u00e7\u00f5es de floresta, que fornecem servi\u00e7os essenciais ecossist\u00eamicos para outros setores econ\u00f4micos em assegurar seus direitos territoriais e proteger seus territ\u00f3rios contra atividades ilegais e outras amea\u00e7as.<\/p>\t\t\t\t\t\t\t\t<\/div>\n\t\t\t\t<\/div>\n\t\t\t\t<div class=\"elementor-element elementor-element-851afe5 ob-harakiri-inherit ob-has-background-overlay elementor-widget elementor-widget-text-editor\" data-id=\"851afe5\" data-element_type=\"widget\" data-e-type=\"widget\" data-settings=\"{&quot;_ob_use_harakiri&quot;:&quot;yes&quot;,&quot;_ob_harakiri_writing_mode&quot;:&quot;inherit&quot;,&quot;_ob_postman_use&quot;:&quot;no&quot;,&quot;_ob_perspektive_use&quot;:&quot;no&quot;,&quot;_ob_poopart_use&quot;:&quot;yes&quot;,&quot;_ob_shadough_use&quot;:&quot;no&quot;,&quot;_ob_allow_hoveranimator&quot;:&quot;no&quot;,&quot;_ob_widget_stalker_use&quot;:&quot;no&quot;}\" data-widget_type=\"text-editor.default\">\n\t\t\t\t<div class=\"elementor-widget-container\">\n\t\t\t\t\t\t\t\t\t<p class=\"p1\">Transferir as finan\u00e7as p\u00fablicas de subs\u00eddios prejudiciais e outros investimentos insustent\u00e1veis para incentivos econ\u00f4micos e ambientalmente s\u00f3lidos e promover mecanismos de financiamento h\u00edbridos. Estes mecanismos podem facilitar atividades e modelos de empreendimentos  associados com a bioeconomia, como uma liga\u00e7\u00e3o ligada a sustentabilidade e empr\u00e9stimos, d\u00edvidas por trocas de natureza e cr\u00e9ditos aprimoram mecanismos, incluindo aqueles sob medida para pequenos produtores, ind\u00edgenas e comunidades tradicionais.<\/p>\t\t\t\t\t\t\t\t<\/div>\n\t\t\t\t<\/div>\n\t\t\t\t<div class=\"elementor-element elementor-element-91bac70 ob-harakiri-inherit ob-has-background-overlay elementor-widget elementor-widget-text-editor\" data-id=\"91bac70\" data-element_type=\"widget\" data-e-type=\"widget\" data-settings=\"{&quot;_ob_use_harakiri&quot;:&quot;yes&quot;,&quot;_ob_harakiri_writing_mode&quot;:&quot;inherit&quot;,&quot;_ob_postman_use&quot;:&quot;no&quot;,&quot;_ob_perspektive_use&quot;:&quot;no&quot;,&quot;_ob_poopart_use&quot;:&quot;yes&quot;,&quot;_ob_shadough_use&quot;:&quot;no&quot;,&quot;_ob_allow_hoveranimator&quot;:&quot;no&quot;,&quot;_ob_widget_stalker_use&quot;:&quot;no&quot;}\" data-widget_type=\"text-editor.default\">\n\t\t\t\t<div class=\"elementor-widget-container\">\n\t\t\t\t\t\t\t\t\t<p class=\"p1\">Fortalecer a Organiza\u00e7\u00e3o do Tratado de Coopera\u00e7\u00e3o Amaz\u00f4nica (ACTO\/OTCA) ao envolver a sociedade civil, povos ind\u00edgenas e atores locais. Desenvolver um plano de pequeno tempo concentrado em como evitar coletivamente o ponto de ruptura da Amaz\u00f4nia, incluindo objetivos comuns, m\u00e9tricas e mecanismos respons\u00e1veis.<\/p>\t\t\t\t\t\t\t\t<\/div>\n\t\t\t\t<\/div>\n\t\t\t\t<div class=\"elementor-element elementor-element-dc4669e ob-harakiri-inherit ob-has-background-overlay elementor-widget elementor-widget-text-editor\" data-id=\"dc4669e\" data-element_type=\"widget\" data-e-type=\"widget\" data-settings=\"{&quot;_ob_use_harakiri&quot;:&quot;yes&quot;,&quot;_ob_harakiri_writing_mode&quot;:&quot;inherit&quot;,&quot;_ob_postman_use&quot;:&quot;no&quot;,&quot;_ob_perspektive_use&quot;:&quot;no&quot;,&quot;_ob_poopart_use&quot;:&quot;yes&quot;,&quot;_ob_shadough_use&quot;:&quot;no&quot;,&quot;_ob_allow_hoveranimator&quot;:&quot;no&quot;,&quot;_ob_widget_stalker_use&quot;:&quot;no&quot;}\" data-widget_type=\"text-editor.default\">\n\t\t\t\t<div class=\"elementor-widget-container\">\n\t\t\t\t\t\t\t\t\t<p class=\"p1\">Crescer empreendimentos locais e cooperativas ao endere\u00e7ar os requerimentos legais excessivos, assegurando que a legisla\u00e7\u00e3o ambiental, sanit\u00e1ria e fiscal se alinhem com as necessidades espec\u00edficas e realidades do lugar.<\/p>\t\t\t\t\t\t\t\t<\/div>\n\t\t\t\t<\/div>\n\t\t\t\t<div class=\"elementor-element elementor-element-c1ef6ea ob-harakiri-inherit ob-has-background-overlay elementor-widget elementor-widget-text-editor\" data-id=\"c1ef6ea\" data-element_type=\"widget\" data-e-type=\"widget\" data-settings=\"{&quot;_ob_use_harakiri&quot;:&quot;yes&quot;,&quot;_ob_harakiri_writing_mode&quot;:&quot;inherit&quot;,&quot;_ob_postman_use&quot;:&quot;no&quot;,&quot;_ob_perspektive_use&quot;:&quot;no&quot;,&quot;_ob_poopart_use&quot;:&quot;yes&quot;,&quot;_ob_shadough_use&quot;:&quot;no&quot;,&quot;_ob_allow_hoveranimator&quot;:&quot;no&quot;,&quot;_ob_widget_stalker_use&quot;:&quot;no&quot;}\" data-widget_type=\"text-editor.default\">\n\t\t\t\t<div class=\"elementor-widget-container\">\n\t\t\t\t\t\t\t\t\t<p class=\"p1\">Exigir transpar\u00eancia e rastreabilidade<\/p><p class=\"p1\">em todas as cadeias de valor de commodities livres de desmatamento, conectadas aos melhores padr\u00f5es<\/p><p class=\"p1\">internacionais da categoria.<\/p>\t\t\t\t\t\t\t\t<\/div>\n\t\t\t\t<\/div>\n\t\t\t\t<div class=\"elementor-element elementor-element-92104bd ob-harakiri-inherit ob-has-background-overlay elementor-widget elementor-widget-text-editor\" data-id=\"92104bd\" data-element_type=\"widget\" data-e-type=\"widget\" data-settings=\"{&quot;_ob_use_harakiri&quot;:&quot;yes&quot;,&quot;_ob_harakiri_writing_mode&quot;:&quot;inherit&quot;,&quot;_ob_postman_use&quot;:&quot;no&quot;,&quot;_ob_perspektive_use&quot;:&quot;no&quot;,&quot;_ob_poopart_use&quot;:&quot;yes&quot;,&quot;_ob_shadough_use&quot;:&quot;no&quot;,&quot;_ob_allow_hoveranimator&quot;:&quot;no&quot;,&quot;_ob_widget_stalker_use&quot;:&quot;no&quot;}\" data-widget_type=\"text-editor.default\">\n\t\t\t\t<div class=\"elementor-widget-container\">\n\t\t\t\t\t\t\t\t\t<p class=\"p1\">Co-projetar uma plataforma Pan-Americana para financiar a bioeconomia com toda a vida de pessoas ind\u00edgenas, afrodescendentes e<\/p><p class=\"p1\">comunidades tradicionais e um fundo regional para apoiar ci\u00eancia \u00e9tica, tecnol\u00f3gica e inova\u00e7\u00e3o na bioeconomia para construir uma avalia\u00e7\u00e3o dos produtos e servi\u00e7os da bioeconomia e desenvolver capacidades b\u00e1sicas e vocacionais entre eles. Esta plataforma deveria incluir os investimentos necess\u00e1rios e\/ou incentivos fiscais em apoio \u00e0 ci\u00eancia, tecnologia e inova\u00e7\u00e3o e suas pesquisas e capacidades associadas.<\/p>\t\t\t\t\t\t\t\t<\/div>\n\t\t\t\t<\/div>\n\t\t\t\t<div class=\"elementor-element elementor-element-00f8a37 ob-harakiri-inherit ob-has-background-overlay elementor-widget elementor-widget-text-editor\" data-id=\"00f8a37\" data-element_type=\"widget\" data-e-type=\"widget\" data-settings=\"{&quot;_ob_use_harakiri&quot;:&quot;yes&quot;,&quot;_ob_harakiri_writing_mode&quot;:&quot;inherit&quot;,&quot;_ob_postman_use&quot;:&quot;no&quot;,&quot;_ob_perspektive_use&quot;:&quot;no&quot;,&quot;_ob_poopart_use&quot;:&quot;yes&quot;,&quot;_ob_shadough_use&quot;:&quot;no&quot;,&quot;_ob_allow_hoveranimator&quot;:&quot;no&quot;,&quot;_ob_widget_stalker_use&quot;:&quot;no&quot;}\" data-widget_type=\"text-editor.default\">\n\t\t\t\t<div class=\"elementor-widget-container\">\n\t\t\t\t\t\t\t\t\t<p class=\"p1\">Transforme cidades da Amaz\u00f4nia no eixo bioecon\u00f4mico entre planos de infraestrutura sustent\u00e1veis compreens\u00edveis, focado em adicionar valor aos produtos e servi\u00e7os bioecon\u00f4micos, incluindo a otimiza\u00e7\u00e3o do papel do transporte de rios e ar para melhorar a conectividade, diversidade de fontes de energia renov\u00e1veis e a provis\u00e3o de necessidades b\u00e1sicas e servi\u00e7os.<\/p>\t\t\t\t\t\t\t\t<\/div>\n\t\t\t\t<\/div>\n\t\t\t\t<div class=\"elementor-element elementor-element-c224eb2 ob-harakiri-inherit ob-has-background-overlay elementor-widget elementor-widget-text-editor\" data-id=\"c224eb2\" data-element_type=\"widget\" data-e-type=\"widget\" data-settings=\"{&quot;_ob_use_harakiri&quot;:&quot;yes&quot;,&quot;_ob_harakiri_writing_mode&quot;:&quot;inherit&quot;,&quot;_ob_postman_use&quot;:&quot;no&quot;,&quot;_ob_perspektive_use&quot;:&quot;no&quot;,&quot;_ob_poopart_use&quot;:&quot;yes&quot;,&quot;_ob_shadough_use&quot;:&quot;no&quot;,&quot;_ob_allow_hoveranimator&quot;:&quot;no&quot;,&quot;_ob_widget_stalker_use&quot;:&quot;no&quot;}\" data-widget_type=\"text-editor.default\">\n\t\t\t\t<div class=\"elementor-widget-container\">\n\t\t\t\t\t\t\t\t\t<p class=\"p1\">Nossas espec\u00edficas e completas propostas est\u00e3o inclu\u00eddas e organizadas entre os nove temas que comp\u00f5em o conjunto, assim como a lista de todos os indiv\u00edduos que participaram nas discuss\u00f5es. N\u00f3s instamos os l\u00edderes governamentais assim como os governos internacionais apoiadores para tomar a\u00e7\u00f5es decisivas nestas recomenda\u00e7\u00f5es. N\u00e3o h\u00e1 tempo a perder!<\/p>\t\t\t\t\t\t\t\t<\/div>\n\t\t\t\t<\/div>\n\t\t\t\t<div class=\"elementor-element elementor-element-77852b8 ob-harakiri-inherit ob-has-background-overlay elementor-widget elementor-widget-text-editor\" data-id=\"77852b8\" data-element_type=\"widget\" data-e-type=\"widget\" data-settings=\"{&quot;_ob_use_harakiri&quot;:&quot;yes&quot;,&quot;_ob_harakiri_writing_mode&quot;:&quot;inherit&quot;,&quot;_ob_postman_use&quot;:&quot;no&quot;,&quot;_ob_perspektive_use&quot;:&quot;no&quot;,&quot;_ob_poopart_use&quot;:&quot;yes&quot;,&quot;_ob_shadough_use&quot;:&quot;no&quot;,&quot;_ob_allow_hoveranimator&quot;:&quot;no&quot;,&quot;_ob_widget_stalker_use&quot;:&quot;no&quot;}\" data-widget_type=\"text-editor.default\">\n\t\t\t\t<div class=\"elementor-widget-container\">\n\t\t\t\t\t\t\t\t\t<p class=\"p1\">RECOMENDA\u00c7\u00d5ES ESPEC\u00cdFICAS<\/p>\t\t\t\t\t\t\t\t<\/div>\n\t\t\t\t<\/div>\n\t\t\t\t<div class=\"elementor-element elementor-element-64d8b6b ob-harakiri-inherit ob-has-background-overlay elementor-widget elementor-widget-text-editor\" data-id=\"64d8b6b\" data-element_type=\"widget\" data-e-type=\"widget\" data-settings=\"{&quot;_ob_use_harakiri&quot;:&quot;yes&quot;,&quot;_ob_harakiri_writing_mode&quot;:&quot;inherit&quot;,&quot;_ob_postman_use&quot;:&quot;no&quot;,&quot;_ob_perspektive_use&quot;:&quot;no&quot;,&quot;_ob_poopart_use&quot;:&quot;yes&quot;,&quot;_ob_shadough_use&quot;:&quot;no&quot;,&quot;_ob_allow_hoveranimator&quot;:&quot;no&quot;,&quot;_ob_widget_stalker_use&quot;:&quot;no&quot;}\" data-widget_type=\"text-editor.default\">\n\t\t\t\t<div class=\"elementor-widget-container\">\n\t\t\t\t\t\t\t\t\t<p class=\"p1\">MESA REDONDA 1: ECONOMIA DOS POVOS<\/p><p class=\"p1\">MESA REDONDA 1: ECONOMIA DOS<\/p>\t\t\t\t\t\t\t\t<\/div>\n\t\t\t\t<\/div>\n\t\t\t\t<div class=\"elementor-element elementor-element-5927328 ob-harakiri-inherit ob-has-background-overlay elementor-widget elementor-widget-text-editor\" data-id=\"5927328\" data-element_type=\"widget\" data-e-type=\"widget\" data-settings=\"{&quot;_ob_use_harakiri&quot;:&quot;yes&quot;,&quot;_ob_harakiri_writing_mode&quot;:&quot;inherit&quot;,&quot;_ob_postman_use&quot;:&quot;no&quot;,&quot;_ob_perspektive_use&quot;:&quot;no&quot;,&quot;_ob_poopart_use&quot;:&quot;yes&quot;,&quot;_ob_shadough_use&quot;:&quot;no&quot;,&quot;_ob_allow_hoveranimator&quot;:&quot;no&quot;,&quot;_ob_widget_stalker_use&quot;:&quot;no&quot;}\" data-widget_type=\"text-editor.default\">\n\t\t\t\t<div class=\"elementor-widget-container\">\n\t\t\t\t\t\t\t\t\t<p class=\"p1\">Proposta 1: Salvaguardar as comunidades ind\u00edgenas e<\/p><p class=\"p1\">tradicionais, seus modos de vida e entender que<\/p><p class=\"p1\">a terra dos povos ind\u00edgenas na Amaz\u00f4nia devem ser protegidos contra as amea\u00e7as que enfrentam para assegurar a prote\u00e7\u00e3o e conserva\u00e7\u00e3o, seus territ\u00f3rios e modo de vida. Esta prote\u00e7\u00e3o est\u00e1 possibilitando uma condi\u00e7\u00e3o para estabelecer outras pol\u00edticas necess\u00e1rias para a economia Pan-Amaz\u00f4nica.<\/p>\t\t\t\t\t\t\t\t<\/div>\n\t\t\t\t<\/div>\n\t\t\t\t<div class=\"elementor-element elementor-element-551511c ob-harakiri-inherit ob-has-background-overlay elementor-widget elementor-widget-text-editor\" data-id=\"551511c\" data-element_type=\"widget\" data-e-type=\"widget\" data-settings=\"{&quot;_ob_use_harakiri&quot;:&quot;yes&quot;,&quot;_ob_harakiri_writing_mode&quot;:&quot;inherit&quot;,&quot;_ob_postman_use&quot;:&quot;no&quot;,&quot;_ob_perspektive_use&quot;:&quot;no&quot;,&quot;_ob_poopart_use&quot;:&quot;yes&quot;,&quot;_ob_shadough_use&quot;:&quot;no&quot;,&quot;_ob_allow_hoveranimator&quot;:&quot;no&quot;,&quot;_ob_widget_stalker_use&quot;:&quot;no&quot;}\" data-widget_type=\"text-editor.default\">\n\t\t\t\t<div class=\"elementor-widget-container\">\n\t\t\t\t\t\t\t\t\t<p class=\"p1\">Proposta 2: Garantir que a cultura heredit\u00e1ria dos povos ind\u00edgenas e tradicionais est\u00e1 protegida em atividades econ\u00f4micas ao estabelecer regras espec\u00edficas e incentivos, incluindo acesso financeiro exclusivo para diferentes fontes de fundos. Sistemas tradicionais de conhecimento dos povos ind\u00edgenas s\u00e3o a chave para a sustentabilidade da Amaz\u00f4nia. Este conhecimento, assim como a cultura heredit\u00e1ria dos povos ind\u00edgenas e tradicionais deve ser protegido em qualquer atividade econ\u00f4mica.<\/p>\t\t\t\t\t\t\t\t<\/div>\n\t\t\t\t<\/div>\n\t\t\t\t<div class=\"elementor-element elementor-element-eaf39f0 ob-harakiri-inherit ob-has-background-overlay elementor-widget elementor-widget-text-editor\" data-id=\"eaf39f0\" data-element_type=\"widget\" data-e-type=\"widget\" data-settings=\"{&quot;_ob_use_harakiri&quot;:&quot;yes&quot;,&quot;_ob_harakiri_writing_mode&quot;:&quot;inherit&quot;,&quot;_ob_postman_use&quot;:&quot;no&quot;,&quot;_ob_perspektive_use&quot;:&quot;no&quot;,&quot;_ob_poopart_use&quot;:&quot;yes&quot;,&quot;_ob_shadough_use&quot;:&quot;no&quot;,&quot;_ob_allow_hoveranimator&quot;:&quot;no&quot;,&quot;_ob_widget_stalker_use&quot;:&quot;no&quot;}\" data-widget_type=\"text-editor.default\">\n\t\t\t\t<div class=\"elementor-widget-container\">\n\t\t\t\t\t\t\t\t\t<p class=\"p1\">Proposta 3: Capacita\u00e7\u00e3o para os povos ind\u00edgenas na Bioeconomia. A produ\u00e7\u00e3o de bens e servi\u00e7os pelos povos ind\u00edgenas enfrenta desafios ao entrar no mercado. Capacita\u00e7\u00e3o \u00e9 necess\u00e1ria para endere\u00e7ar os desafios e construir as capacidades dos povos ind\u00edgenas na economia.<\/p>\t\t\t\t\t\t\t\t<\/div>\n\t\t\t\t<\/div>\n\t\t\t\t<div class=\"elementor-element elementor-element-b034f72 ob-harakiri-inherit ob-has-background-overlay elementor-widget elementor-widget-text-editor\" data-id=\"b034f72\" data-element_type=\"widget\" data-e-type=\"widget\" data-settings=\"{&quot;_ob_use_harakiri&quot;:&quot;yes&quot;,&quot;_ob_harakiri_writing_mode&quot;:&quot;inherit&quot;,&quot;_ob_postman_use&quot;:&quot;no&quot;,&quot;_ob_perspektive_use&quot;:&quot;no&quot;,&quot;_ob_poopart_use&quot;:&quot;yes&quot;,&quot;_ob_shadough_use&quot;:&quot;no&quot;,&quot;_ob_allow_hoveranimator&quot;:&quot;no&quot;,&quot;_ob_widget_stalker_use&quot;:&quot;no&quot;}\" data-widget_type=\"text-editor.default\">\n\t\t\t\t<div class=\"elementor-widget-container\">\n\t\t\t\t\t\t\t\t\t<p class=\"p1\">Mesa redonda 2: Impacto em investimento<\/p>\t\t\t\t\t\t\t\t<\/div>\n\t\t\t\t<\/div>\n\t\t\t\t<div class=\"elementor-element elementor-element-777c669 ob-harakiri-inherit ob-has-background-overlay elementor-widget elementor-widget-text-editor\" data-id=\"777c669\" data-element_type=\"widget\" data-e-type=\"widget\" data-settings=\"{&quot;_ob_use_harakiri&quot;:&quot;yes&quot;,&quot;_ob_harakiri_writing_mode&quot;:&quot;inherit&quot;,&quot;_ob_postman_use&quot;:&quot;no&quot;,&quot;_ob_perspektive_use&quot;:&quot;no&quot;,&quot;_ob_poopart_use&quot;:&quot;yes&quot;,&quot;_ob_shadough_use&quot;:&quot;no&quot;,&quot;_ob_allow_hoveranimator&quot;:&quot;no&quot;,&quot;_ob_widget_stalker_use&quot;:&quot;no&quot;}\" data-widget_type=\"text-editor.default\">\n\t\t\t\t<div class=\"elementor-widget-container\">\n\t\t\t\t\t\t\t\t\t<p class=\"p1\">Proposta 1: Revise estruturas regulat\u00f3rias relacionadas no desenvolvimento de cadeias da sociobiodiversidade com a participa\u00e7\u00e3o das comunidades locais. Pessoas ind\u00edgenas e comunidades locais enfrentam excessivos requisitos legais que escondem o desenvolvimento da sociobiodiversidade dentro da bioeconomia. Para endere\u00e7ar estes desafios, os governos precisam alinhar regula\u00e7\u00f5es ambientais, sanit\u00e1rias e fiscais com as realidades dos povos tradicionais, precisam estabelecer governos locais para simplificar os processos e facilitar o desenvolvimento e esfor\u00e7os dos empreendimentos de biodiversidade.<\/p>\t\t\t\t\t\t\t\t<\/div>\n\t\t\t\t<\/div>\n\t\t\t\t<div class=\"elementor-element elementor-element-55b512a ob-harakiri-inherit ob-has-background-overlay elementor-widget elementor-widget-text-editor\" data-id=\"55b512a\" data-element_type=\"widget\" data-e-type=\"widget\" data-settings=\"{&quot;_ob_use_harakiri&quot;:&quot;yes&quot;,&quot;_ob_harakiri_writing_mode&quot;:&quot;inherit&quot;,&quot;_ob_postman_use&quot;:&quot;no&quot;,&quot;_ob_perspektive_use&quot;:&quot;no&quot;,&quot;_ob_poopart_use&quot;:&quot;yes&quot;,&quot;_ob_shadough_use&quot;:&quot;no&quot;,&quot;_ob_allow_hoveranimator&quot;:&quot;no&quot;,&quot;_ob_widget_stalker_use&quot;:&quot;no&quot;}\" data-widget_type=\"text-editor.default\">\n\t\t\t\t<div class=\"elementor-widget-container\">\n\t\t\t\t\t\t\t\t\t<p class=\"p1\">Proposta 2: Criar programas de incentivos\/subs\u00eddios para a economia focada em fortalecer os povos tradicionais. N\u00f3s devemos implementar programas governamentais compreensivos com os incentivos e subs\u00eddios corretos, incluindo subs\u00eddios e linhas de cr\u00e9dito, melhorando o acesso ao cr\u00e9dito para as iniciativas comunit\u00e1rias de sociobiodiversidade, estabelecendo isen\u00e7\u00f5es de impostos para produtos que sejam da sociobiodiversidade, assim como pre\u00e7os m\u00ednimos para eles e desenvolver\/melhorar o pagamento para pol\u00edticas de servi\u00e7os ambientais, promover  programas p\u00fablicos de compras e entre outros.<\/p>\t\t\t\t\t\t\t\t<\/div>\n\t\t\t\t<\/div>\n\t\t\t\t<div class=\"elementor-element elementor-element-16191a0 ob-harakiri-inherit ob-has-background-overlay elementor-widget elementor-widget-text-editor\" data-id=\"16191a0\" data-element_type=\"widget\" data-e-type=\"widget\" data-settings=\"{&quot;_ob_use_harakiri&quot;:&quot;yes&quot;,&quot;_ob_harakiri_writing_mode&quot;:&quot;inherit&quot;,&quot;_ob_postman_use&quot;:&quot;no&quot;,&quot;_ob_perspektive_use&quot;:&quot;no&quot;,&quot;_ob_poopart_use&quot;:&quot;yes&quot;,&quot;_ob_shadough_use&quot;:&quot;no&quot;,&quot;_ob_allow_hoveranimator&quot;:&quot;no&quot;,&quot;_ob_widget_stalker_use&quot;:&quot;no&quot;}\" data-widget_type=\"text-editor.default\">\n\t\t\t\t<div class=\"elementor-widget-container\">\n\t\t\t\t\t\t\t\t\t<p class=\"p1\">Proposta 3: Fortalecer o territ\u00f3rio com<\/p><p class=\"p1\">foco na capacidade de desenvolvimento local<\/p><p class=\"p1\">Empreendimentos comunit\u00e1rios locais e organiza\u00e7\u00f5es requerem treinamento e assist\u00eancia t\u00e9cnica para o p\u00fablico e mercado privados, assim como energias renov\u00e1veis e infraestrutura para conectividade. Para atingir essas necessidades, n\u00f3s podemos estabelecer uma coopera\u00e7\u00e3o de comunica\u00e7\u00e3o p\u00fablico-privado, espa\u00e7os<\/p><p class=\"p1\">de di\u00e1logo p\u00fablico-privado e fortalecer as institui\u00e7\u00f5es p\u00fablicas que promovam assist\u00eancia t\u00e9cnica rural.<\/p>\t\t\t\t\t\t\t\t<\/div>\n\t\t\t\t<\/div>\n\t\t\t\t<div class=\"elementor-element elementor-element-e3ee10d ob-harakiri-inherit ob-has-background-overlay elementor-widget elementor-widget-text-editor\" data-id=\"e3ee10d\" data-element_type=\"widget\" data-e-type=\"widget\" data-settings=\"{&quot;_ob_use_harakiri&quot;:&quot;yes&quot;,&quot;_ob_harakiri_writing_mode&quot;:&quot;inherit&quot;,&quot;_ob_postman_use&quot;:&quot;no&quot;,&quot;_ob_perspektive_use&quot;:&quot;no&quot;,&quot;_ob_poopart_use&quot;:&quot;yes&quot;,&quot;_ob_shadough_use&quot;:&quot;no&quot;,&quot;_ob_allow_hoveranimator&quot;:&quot;no&quot;,&quot;_ob_widget_stalker_use&quot;:&quot;no&quot;}\" data-widget_type=\"text-editor.default\">\n\t\t\t\t<div class=\"elementor-widget-container\">\n\t\t\t\t\t\t\t\t\t<p class=\"p1\">MESA REDONDA 3: ALINHANDO E AMPLIANDO O FINANCIAMENTO MISTO<\/p>\t\t\t\t\t\t\t\t<\/div>\n\t\t\t\t<\/div>\n\t\t\t\t<div class=\"elementor-element elementor-element-e8cb0c5 ob-harakiri-inherit ob-has-background-overlay elementor-widget elementor-widget-text-editor\" data-id=\"e8cb0c5\" data-element_type=\"widget\" data-e-type=\"widget\" data-settings=\"{&quot;_ob_use_harakiri&quot;:&quot;yes&quot;,&quot;_ob_harakiri_writing_mode&quot;:&quot;inherit&quot;,&quot;_ob_postman_use&quot;:&quot;no&quot;,&quot;_ob_perspektive_use&quot;:&quot;no&quot;,&quot;_ob_poopart_use&quot;:&quot;yes&quot;,&quot;_ob_shadough_use&quot;:&quot;no&quot;,&quot;_ob_allow_hoveranimator&quot;:&quot;no&quot;,&quot;_ob_widget_stalker_use&quot;:&quot;no&quot;}\" data-widget_type=\"text-editor.default\">\n\t\t\t\t<div class=\"elementor-widget-container\">\n\t\t\t\t\t\t\t\t\t<p class=\"p1\">Proposta 1: Crie uma plataforma Pan-Amaz\u00f4nica para financiar a bioeconomia dos povos ind\u00edgenas, afrodescendentes e comunidades tradicionais. H\u00e1 uma necessidade para uma rede forte de financiamento (setor privado, funda\u00e7\u00f5es e financiadores) em apoiar a bioeconomia dos povos ind\u00edgenas, afrodescendentes e comunidades tradicionais. Estabelecer uma plataforma para gerenciar projetos e planos de financiamento para economia dos povos ind\u00edgenas baseados em uma Amaz\u00f4nia sustent\u00e1vel por cadeias, pode fornecer financiamento para a prote\u00e7\u00e3o dos povos ind\u00edgenas, afrodescendentes e comunidades tradicionais.<\/p>\t\t\t\t\t\t\t\t<\/div>\n\t\t\t\t<\/div>\n\t\t\t\t<div class=\"elementor-element elementor-element-d58b3e6 ob-harakiri-inherit ob-has-background-overlay elementor-widget elementor-widget-text-editor\" data-id=\"d58b3e6\" data-element_type=\"widget\" data-e-type=\"widget\" data-settings=\"{&quot;_ob_use_harakiri&quot;:&quot;yes&quot;,&quot;_ob_harakiri_writing_mode&quot;:&quot;inherit&quot;,&quot;_ob_postman_use&quot;:&quot;no&quot;,&quot;_ob_perspektive_use&quot;:&quot;no&quot;,&quot;_ob_poopart_use&quot;:&quot;yes&quot;,&quot;_ob_shadough_use&quot;:&quot;no&quot;,&quot;_ob_allow_hoveranimator&quot;:&quot;no&quot;,&quot;_ob_widget_stalker_use&quot;:&quot;no&quot;}\" data-widget_type=\"text-editor.default\">\n\t\t\t\t<div class=\"elementor-widget-container\">\n\t\t\t\t\t\t\t\t\t<p class=\"p1\">Proposta 2: Consolidar esfor\u00e7os para eliminar mercados de financiamento ilegais. Produtos da bioeconomia n\u00e3o conseguem competir com um mercado de $1,5 trilh\u00f5es de d\u00f3lares em produtos ilegais. Para combater o crescimento de uma economia ilegal, n\u00f3s podemos estabeler e\/ou fortalecer o sistema de alavancas e incentivos para direcionar capital para longe de atividades ilegais e para perto da bioeconomia, assim como criar oportunidades alternativas de economia. Isto ir\u00e1 proporcionar uma melhora na produtividade, bem-estar da comunidade e conserva\u00e7\u00e3o da Floresta Amaz\u00f4nica.<\/p>\t\t\t\t\t\t\t\t<\/div>\n\t\t\t\t<\/div>\n\t\t\t\t<div class=\"elementor-element elementor-element-b0b9997 ob-harakiri-inherit ob-has-background-overlay elementor-widget elementor-widget-text-editor\" data-id=\"b0b9997\" data-element_type=\"widget\" data-e-type=\"widget\" data-settings=\"{&quot;_ob_use_harakiri&quot;:&quot;yes&quot;,&quot;_ob_harakiri_writing_mode&quot;:&quot;inherit&quot;,&quot;_ob_postman_use&quot;:&quot;no&quot;,&quot;_ob_perspektive_use&quot;:&quot;no&quot;,&quot;_ob_poopart_use&quot;:&quot;yes&quot;,&quot;_ob_shadough_use&quot;:&quot;no&quot;,&quot;_ob_allow_hoveranimator&quot;:&quot;no&quot;,&quot;_ob_widget_stalker_use&quot;:&quot;no&quot;}\" data-widget_type=\"text-editor.default\">\n\t\t\t\t<div class=\"elementor-widget-container\">\n\t\t\t\t\t\t\t\t\t<p class=\"p1\">Proposta 3: Promover mecanismos de financiamento h\u00edbridos para a bioeconomia Amaz\u00f4nica, incluindo o apoio no dimensionamento e regula\u00e7\u00e3o harmonizada da \u00e1gua, carbono e cr\u00e9ditos de alta integridade. A bioeconomia requer um conjunto diversificado de fontes de financiamento. Para encontrar esta necessidade, podemos estabelecer uma s\u00e9rie de mecanismos e pol\u00edticas p\u00fablicas que podem receber diferentes tipos de recursos (subven\u00e7\u00f5es, concess\u00e3o). Um importante elemento deveria ser  dimensionar e harmonizar a regula\u00e7\u00e3o de mecanismos de mercado como cr\u00e9ditos para \u00e1gua, de carbono e servi\u00e7os de biodiversidade, especialmente seus pacotes de vers\u00f5es para otimizar as fun\u00e7\u00f5es ecol\u00f3gicas.<\/p><p class=\"p1\">Os participantes tamb\u00e9m precisam de acesso melhorado a recursos e melhor equidade de cadeia de distribui\u00e7\u00e3o de suprimentos de bioeconomia. Isto pode acontecer ao estabelecer mecanismos de financiamento inovadores, como empr\u00e9stimos ligados \u00e0 sustentabilidade (SLL),<\/p><p class=\"p1\">mistura de finan\u00e7as, melhora nos mecanismos de cr\u00e9dito, d\u00edvidas por troca de natureza que facilitam as atividades e modelos de empreendim<\/p>\t\t\t\t\t\t\t\t<\/div>\n\t\t\t\t<\/div>\n\t\t\t\t<div class=\"elementor-element elementor-element-f192a98 ob-harakiri-inherit ob-has-background-overlay elementor-widget elementor-widget-text-editor\" data-id=\"f192a98\" data-element_type=\"widget\" data-e-type=\"widget\" data-settings=\"{&quot;_ob_use_harakiri&quot;:&quot;yes&quot;,&quot;_ob_harakiri_writing_mode&quot;:&quot;inherit&quot;,&quot;_ob_postman_use&quot;:&quot;no&quot;,&quot;_ob_perspektive_use&quot;:&quot;no&quot;,&quot;_ob_poopart_use&quot;:&quot;yes&quot;,&quot;_ob_shadough_use&quot;:&quot;no&quot;,&quot;_ob_allow_hoveranimator&quot;:&quot;no&quot;,&quot;_ob_widget_stalker_use&quot;:&quot;no&quot;}\" data-widget_type=\"text-editor.default\">\n\t\t\t\t<div class=\"elementor-widget-container\">\n\t\t\t\t\t\t\t\t\t<p class=\"p1\">MESA REDONDA 4: CI\u00caNCIA, TECNOLOGIA E INOVA\u00c7\u00c3O<\/p>\t\t\t\t\t\t\t\t<\/div>\n\t\t\t\t<\/div>\n\t\t\t\t<div class=\"elementor-element elementor-element-279d08a ob-harakiri-inherit ob-has-background-overlay elementor-widget elementor-widget-text-editor\" data-id=\"279d08a\" data-element_type=\"widget\" data-e-type=\"widget\" data-settings=\"{&quot;_ob_use_harakiri&quot;:&quot;yes&quot;,&quot;_ob_harakiri_writing_mode&quot;:&quot;inherit&quot;,&quot;_ob_postman_use&quot;:&quot;no&quot;,&quot;_ob_perspektive_use&quot;:&quot;no&quot;,&quot;_ob_poopart_use&quot;:&quot;yes&quot;,&quot;_ob_shadough_use&quot;:&quot;no&quot;,&quot;_ob_allow_hoveranimator&quot;:&quot;no&quot;,&quot;_ob_widget_stalker_use&quot;:&quot;no&quot;}\" data-widget_type=\"text-editor.default\">\n\t\t\t\t<div class=\"elementor-widget-container\">\n\t\t\t\t\t\t\t\t\t<p class=\"p1\">Proposta 1: Desenvolver uma ci\u00eancia nacional e Pan-<\/p><p class=\"p1\">Amaz\u00f4nica, assim como uma tecnologia e estrat\u00e9gias de inova\u00e7\u00e3o ao servi\u00e7o dos povos da Amaz\u00f4nia. Ci\u00eancia, tecnologia e inova\u00e7\u00e3o (ST&amp;I) s\u00e3o necess\u00e1rias para promover a bioeconomia da floresta permanente a rios correntes que beneficiam as comunidades locais, popula\u00e7\u00f5es amaz\u00f4nicas e os sistemas das regi\u00f5es. Isto pode ser feito ao criar estrat\u00e9gias nacionais e Pan-Amaz\u00f4nicas com objetivos claros, atividades, prazos, or\u00e7amentos e responsabilidades para mobilizar a compreens\u00e3o e iniciativas participativas que canalizam ci\u00eancia intercultural, tecnologia e inova\u00e7\u00e3o para alcan\u00e7ar as necessidades dos povos da regi\u00e3o. Estas estrat\u00e9gias devem ser suportadas por financiamentos adequados, que podem vir pela remo\u00e7\u00e3o fiscal e de distor\u00e7\u00f5es de impostos, para encorajar produtos do setor de sustent\u00e1veis, alinhando-se com comprometimentos internacionais (como aqueles dos pa\u00edses com Estrat\u00e9gia e Plano de A\u00e7\u00e3o Nacionais para a biodiversidade (EPANB)), e a cria\u00e7\u00e3o de fundos nacionais e\/ou um grande fundo internacional para ST&amp;I da sociobiodiversidade da floresta permanente e dos rios correntes, al\u00e9m de ado\u00e7\u00e3o de novos instrumentos que atraiam recursos adicionais, como a taxa verde.<\/p>\t\t\t\t\t\t\t\t<\/div>\n\t\t\t\t<\/div>\n\t\t\t\t<div class=\"elementor-element elementor-element-033e3e2 ob-harakiri-inherit ob-has-background-overlay elementor-widget elementor-widget-text-editor\" data-id=\"033e3e2\" data-element_type=\"widget\" data-e-type=\"widget\" data-settings=\"{&quot;_ob_use_harakiri&quot;:&quot;yes&quot;,&quot;_ob_harakiri_writing_mode&quot;:&quot;inherit&quot;,&quot;_ob_postman_use&quot;:&quot;no&quot;,&quot;_ob_perspektive_use&quot;:&quot;no&quot;,&quot;_ob_poopart_use&quot;:&quot;yes&quot;,&quot;_ob_shadough_use&quot;:&quot;no&quot;,&quot;_ob_allow_hoveranimator&quot;:&quot;no&quot;,&quot;_ob_widget_stalker_use&quot;:&quot;no&quot;}\" data-widget_type=\"text-editor.default\">\n\t\t\t\t<div class=\"elementor-widget-container\">\n\t\t\t\t\t\t\t\t\t<p class=\"p1\">Proposta 2: investimentos duplos na educa\u00e7\u00e3o b\u00e1sica e vocacional na regi\u00e3o Amaz\u00f4nica at\u00e9 2030, priorizando inclusive, educa\u00e7\u00e3o acess\u00edvel e regionalizada.  Atualmente, h\u00e1 insufici\u00eancia de investimentos e falta de inclusividade garantida, acessibilidade e a prioriza\u00e7\u00e3o do conhecimento e territ\u00f3rios da popula\u00e7\u00e3o local dentro do sistema de educa\u00e7\u00e3o da regi\u00e3o da Amaz\u00f4nia. Para combater isto, n\u00f3s precisamos aumentar o investimento na educa\u00e7\u00e3o b\u00e1sica e vocacional da regi\u00e3o, com foco em assegurar a qualidade da educa\u00e7\u00e3o para todos os segmentos da popula\u00e7\u00e3o amaz\u00f4nica. Para melhor capacitar a popula\u00e7\u00e3o amaz\u00f4nica para atuar na bioeconomia da floresta permanente e dos rios correntes, n\u00f3s podemos tamb\u00e9m fortalecer educa\u00e7\u00e3o territorializada, valorizando conhecimento local e promovendo sustentabilidade ambiental e social com abordagens educacionais valorizadas que respeitam a diversidade cultural e as necessidades especiais das diferentes comunidades.<\/p>\t\t\t\t\t\t\t\t<\/div>\n\t\t\t\t<\/div>\n\t\t\t\t<div class=\"elementor-element elementor-element-0fe8061 ob-harakiri-inherit ob-has-background-overlay elementor-widget elementor-widget-text-editor\" data-id=\"0fe8061\" data-element_type=\"widget\" data-e-type=\"widget\" data-settings=\"{&quot;_ob_use_harakiri&quot;:&quot;yes&quot;,&quot;_ob_harakiri_writing_mode&quot;:&quot;inherit&quot;,&quot;_ob_postman_use&quot;:&quot;no&quot;,&quot;_ob_perspektive_use&quot;:&quot;no&quot;,&quot;_ob_poopart_use&quot;:&quot;yes&quot;,&quot;_ob_shadough_use&quot;:&quot;no&quot;,&quot;_ob_allow_hoveranimator&quot;:&quot;no&quot;,&quot;_ob_widget_stalker_use&quot;:&quot;no&quot;}\" data-widget_type=\"text-editor.default\">\n\t\t\t\t<div class=\"elementor-widget-container\">\n\t\t\t\t\t\t\t\t\t<p class=\"p1\">Proposta 3: Estimular trabalho em rede de institutos Pan-Amaz\u00f4nicos de pesquisa em bioeconomia. N\u00f3s precisamos fortalecer a capacidade e infraestrutura cient\u00edfica e tecnol\u00f3gica para compartilhar informa\u00e7\u00f5es e promover uma rede de informa\u00e7\u00f5es entre os institutos de pesquisa dos pa\u00edses amaz\u00f4nicos. Isto pode ser alcan\u00e7ado ao desenvolver polos de ci\u00eancia, tecnologia e informa\u00e7\u00e3o (C&amp;T&amp;I) - uma rede integrada de institutos de pesquisa adequadamente financiados - com a garantia de uma governan\u00e7a plural. Estes polos iriam melhorar a<\/p><p class=\"p1\">mobilidade dos pesquisadores atrav\u00e9s da regi\u00e3o, e promover treinamento para profissionais locais com centros de pesquisa estabelecidos em \u00e1reas de produ\u00e7\u00e3o e centros urbanizados, assim como novos centros de pesquisa e novos parques de tecnologia que s\u00e3o capazes de disseminar o conhecimento e infraestrutura por meio de startups, pequenas e m\u00e9dias empresas.<\/p>\t\t\t\t\t\t\t\t<\/div>\n\t\t\t\t<\/div>\n\t\t\t\t<div class=\"elementor-element elementor-element-1e3988a ob-harakiri-inherit ob-has-background-overlay elementor-widget elementor-widget-text-editor\" data-id=\"1e3988a\" data-element_type=\"widget\" data-e-type=\"widget\" data-settings=\"{&quot;_ob_use_harakiri&quot;:&quot;yes&quot;,&quot;_ob_harakiri_writing_mode&quot;:&quot;inherit&quot;,&quot;_ob_postman_use&quot;:&quot;no&quot;,&quot;_ob_perspektive_use&quot;:&quot;no&quot;,&quot;_ob_poopart_use&quot;:&quot;yes&quot;,&quot;_ob_shadough_use&quot;:&quot;no&quot;,&quot;_ob_allow_hoveranimator&quot;:&quot;no&quot;,&quot;_ob_widget_stalker_use&quot;:&quot;no&quot;}\" data-widget_type=\"text-editor.default\">\n\t\t\t\t<div class=\"elementor-widget-container\">\n\t\t\t\t\t\t\t\t\t<p class=\"p1\">Proposta 4: Qualificar as fun\u00e7\u00f5es do ecossistema \u00e9 importante para a sustentabilidade regional, nacional e global. Para entender a bioeconomia na Amaz\u00f4nia, o valor das fun\u00e7\u00f5es do ecossistema e de seus servi\u00e7os deve ser qualificado e incorporado nas pol\u00edticas nacionais e transnacionais. Este tipo de ci\u00eancia b\u00e1sica esclarece o valor das dimens\u00f5es das florestas e a necessidade da biodiversidade ser paga para programas por servi\u00e7os do ecossistema e valida\u00e7\u00e3o de mercado. Isto pode ser atingido ao investir em pesquisa colaborativa e monitoramento em n\u00edvel regional para quantificar os servi\u00e7os ecossist\u00eamicos providos nos n\u00edveis regionais, pan-amaz\u00f4nico e global.<\/p>\t\t\t\t\t\t\t\t<\/div>\n\t\t\t\t<\/div>\n\t\t\t\t<div class=\"elementor-element elementor-element-c40f889 ob-harakiri-inherit ob-has-background-overlay elementor-widget elementor-widget-text-editor\" data-id=\"c40f889\" data-element_type=\"widget\" data-e-type=\"widget\" data-settings=\"{&quot;_ob_use_harakiri&quot;:&quot;yes&quot;,&quot;_ob_harakiri_writing_mode&quot;:&quot;inherit&quot;,&quot;_ob_postman_use&quot;:&quot;no&quot;,&quot;_ob_perspektive_use&quot;:&quot;no&quot;,&quot;_ob_poopart_use&quot;:&quot;yes&quot;,&quot;_ob_shadough_use&quot;:&quot;no&quot;,&quot;_ob_allow_hoveranimator&quot;:&quot;no&quot;,&quot;_ob_widget_stalker_use&quot;:&quot;no&quot;}\" data-widget_type=\"text-editor.default\">\n\t\t\t\t<div class=\"elementor-widget-container\">\n\t\t\t\t\t\t\t\t\t<p class=\"p1\">MESA REDONDA 5: COMMODITIES LIVRE DE DESMATAMENTO<\/p>\t\t\t\t\t\t\t\t<\/div>\n\t\t\t\t<\/div>\n\t\t\t\t<div class=\"elementor-element elementor-element-66c1746 ob-harakiri-inherit ob-has-background-overlay elementor-widget elementor-widget-text-editor\" data-id=\"66c1746\" data-element_type=\"widget\" data-e-type=\"widget\" data-settings=\"{&quot;_ob_use_harakiri&quot;:&quot;yes&quot;,&quot;_ob_harakiri_writing_mode&quot;:&quot;inherit&quot;,&quot;_ob_postman_use&quot;:&quot;no&quot;,&quot;_ob_perspektive_use&quot;:&quot;no&quot;,&quot;_ob_poopart_use&quot;:&quot;yes&quot;,&quot;_ob_shadough_use&quot;:&quot;no&quot;,&quot;_ob_allow_hoveranimator&quot;:&quot;no&quot;,&quot;_ob_widget_stalker_use&quot;:&quot;no&quot;}\" data-widget_type=\"text-editor.default\">\n\t\t\t\t<div class=\"elementor-widget-container\">\n\t\t\t\t\t\t\t\t\t<p class=\"p1\">Proposta 1: Melhore a transpar\u00eancia e<\/p><p class=\"p1\">a rastreabilidade. Aumentar o desmatamento e commodities livres de convers\u00e3o exigem maior transpar\u00eancia em toda a cadeia de valores das commodities, incluindo informa\u00e7\u00e3o sobre posse de terras, produ\u00e7\u00e3o e direitos\/condi\u00e7\u00f5es humanas. Isto pode ser alcan\u00e7ado ao estabelecer legisla\u00e7\u00e3o nacional e uma governan\u00e7a que imponha conformidade com os acordos comerciais, implementados em um n\u00edvel de comunidade. Isto pode resultar em um maior valor e melhores condi\u00e7\u00f5es para produtores com melhores informa\u00e7\u00f5es e pre\u00e7os para os consumidores, permitindo ao mesmo tempo que os governos alcancem os seus objectivos de conserva\u00e7\u00e3o e melhorem a percep\u00e7\u00e3o p\u00fablica sobre o desmatamento e a convers\u00e3o.<\/p>\t\t\t\t\t\t\t\t<\/div>\n\t\t\t\t<\/div>\n\t\t\t\t<div class=\"elementor-element elementor-element-f18b491 ob-harakiri-inherit ob-has-background-overlay elementor-widget elementor-widget-text-editor\" data-id=\"f18b491\" data-element_type=\"widget\" data-e-type=\"widget\" data-settings=\"{&quot;_ob_use_harakiri&quot;:&quot;yes&quot;,&quot;_ob_harakiri_writing_mode&quot;:&quot;inherit&quot;,&quot;_ob_postman_use&quot;:&quot;no&quot;,&quot;_ob_perspektive_use&quot;:&quot;no&quot;,&quot;_ob_poopart_use&quot;:&quot;yes&quot;,&quot;_ob_shadough_use&quot;:&quot;no&quot;,&quot;_ob_allow_hoveranimator&quot;:&quot;no&quot;,&quot;_ob_widget_stalker_use&quot;:&quot;no&quot;}\" data-widget_type=\"text-editor.default\">\n\t\t\t\t<div class=\"elementor-widget-container\">\n\t\t\t\t\t\t\t\t\t<p class=\"p1\">Proposta 2: Melhorar os incentivos para conserva\u00e7\u00e3o da floresta e do ecossistema, a utiliza\u00e7\u00e3o sustent\u00e1vel de recursos naturais, a restaura\u00e7\u00e3o e a produ\u00e7\u00e3o sustent\u00e1vel. O desequil\u00edbrio atual entre incentivos negativos e positivos favorece uma produ\u00e7\u00e3o insustent\u00e1vel. Para resolver esse desequil\u00edbrio, n\u00f3s podemos estabelecer marcos regulat\u00f3rios (como planos nacionais, legisla\u00e7\u00e3o, pol\u00edticas) que promovam conserva\u00e7\u00e3o florestal, uso sustent\u00e1vel, restaura\u00e7\u00e3o de \u00e1reas degradadas, produ\u00e7\u00e3o sustent\u00e1vel e desencorajamento de incentivos perversos. Ao aumentar o acesso aos incentivos para pequenos produtores, n\u00f3s podemos mobilizar recursos atrav\u00e9s de compromissos do setor privado, mecanismos de incentivo, capacidade de constru\u00e7\u00e3o, assist\u00eancia t\u00e9cnica e extens\u00e3o de servi\u00e7os para produ\u00e7\u00e3o sustent\u00e1vel.<\/p>\t\t\t\t\t\t\t\t<\/div>\n\t\t\t\t<\/div>\n\t\t\t\t<div class=\"elementor-element elementor-element-0e3f55c ob-harakiri-inherit ob-has-background-overlay elementor-widget elementor-widget-text-editor\" data-id=\"0e3f55c\" data-element_type=\"widget\" data-e-type=\"widget\" data-settings=\"{&quot;_ob_use_harakiri&quot;:&quot;yes&quot;,&quot;_ob_harakiri_writing_mode&quot;:&quot;inherit&quot;,&quot;_ob_postman_use&quot;:&quot;no&quot;,&quot;_ob_perspektive_use&quot;:&quot;no&quot;,&quot;_ob_poopart_use&quot;:&quot;yes&quot;,&quot;_ob_shadough_use&quot;:&quot;no&quot;,&quot;_ob_allow_hoveranimator&quot;:&quot;no&quot;,&quot;_ob_widget_stalker_use&quot;:&quot;no&quot;}\" data-widget_type=\"text-editor.default\">\n\t\t\t\t<div class=\"elementor-widget-container\">\n\t\t\t\t\t\t\t\t\t<p class=\"p1\">Proposal 3: Develop green financial instruments based on bioeconomy principles for commodities. Public and private funding with strong transparency is needed to support the bioeconomy. This need can be met by designing new financial instruments with the participation of communities in the Amazon, aimed at the diversity of actors and small-scale models. These can include promotional schemes and blended finance, as well as providing technical assistance and monitoring of financial entities and communities during implementation to build capacity and governance.<\/p>\t\t\t\t\t\t\t\t<\/div>\n\t\t\t\t<\/div>\n\t\t\t\t<div class=\"elementor-element elementor-element-1863619 ob-harakiri-inherit ob-has-background-overlay elementor-widget elementor-widget-text-editor\" data-id=\"1863619\" data-element_type=\"widget\" data-e-type=\"widget\" data-settings=\"{&quot;_ob_use_harakiri&quot;:&quot;yes&quot;,&quot;_ob_harakiri_writing_mode&quot;:&quot;inherit&quot;,&quot;_ob_postman_use&quot;:&quot;no&quot;,&quot;_ob_perspektive_use&quot;:&quot;no&quot;,&quot;_ob_poopart_use&quot;:&quot;yes&quot;,&quot;_ob_shadough_use&quot;:&quot;no&quot;,&quot;_ob_allow_hoveranimator&quot;:&quot;no&quot;,&quot;_ob_widget_stalker_use&quot;:&quot;no&quot;}\" data-widget_type=\"text-editor.default\">\n\t\t\t\t<div class=\"elementor-widget-container\">\n\t\t\t\t\t\t\t\t\t<p class=\"p1\">ROUND TABLE 6: THE ROLE OF CITIES IN THE BIOECONOMY<\/p>\t\t\t\t\t\t\t\t<\/div>\n\t\t\t\t<\/div>\n\t\t\t\t<div class=\"elementor-element elementor-element-1eeb8b3 ob-harakiri-inherit ob-has-background-overlay elementor-widget elementor-widget-text-editor\" data-id=\"1eeb8b3\" data-element_type=\"widget\" data-e-type=\"widget\" data-settings=\"{&quot;_ob_use_harakiri&quot;:&quot;yes&quot;,&quot;_ob_harakiri_writing_mode&quot;:&quot;inherit&quot;,&quot;_ob_postman_use&quot;:&quot;no&quot;,&quot;_ob_perspektive_use&quot;:&quot;no&quot;,&quot;_ob_poopart_use&quot;:&quot;yes&quot;,&quot;_ob_shadough_use&quot;:&quot;no&quot;,&quot;_ob_allow_hoveranimator&quot;:&quot;no&quot;,&quot;_ob_widget_stalker_use&quot;:&quot;no&quot;}\" data-widget_type=\"text-editor.default\">\n\t\t\t\t<div class=\"elementor-widget-container\">\n\t\t\t\t\t\t\t\t\t<p class=\"p1\">Proposta 1A: Transformar cidades em centros bioecon\u00f4micos -  planejamento urbano regional para bioeconomia. Uma estrat\u00e9gia de implementa\u00e7\u00e3o regional coerente \u00e9 necess\u00e1ria para entender e aplicar o papel das cidades na bioeconomia. Isto pode ser atingido por planejamento territorial que estimula a descentraliza\u00e7\u00e3o das estruturas de produ\u00e7\u00e3o articuladas com planos de urbaniza\u00e7\u00e3o que sejam aderentes \u00e0s especificidades de cada territ\u00f3rio.<\/p>\t\t\t\t\t\t\t\t<\/div>\n\t\t\t\t<\/div>\n\t\t\t\t<div class=\"elementor-element elementor-element-39ac77b ob-harakiri-inherit ob-has-background-overlay elementor-widget elementor-widget-text-editor\" data-id=\"39ac77b\" data-element_type=\"widget\" data-e-type=\"widget\" data-settings=\"{&quot;_ob_use_harakiri&quot;:&quot;yes&quot;,&quot;_ob_harakiri_writing_mode&quot;:&quot;inherit&quot;,&quot;_ob_postman_use&quot;:&quot;no&quot;,&quot;_ob_perspektive_use&quot;:&quot;no&quot;,&quot;_ob_poopart_use&quot;:&quot;yes&quot;,&quot;_ob_shadough_use&quot;:&quot;no&quot;,&quot;_ob_allow_hoveranimator&quot;:&quot;no&quot;,&quot;_ob_widget_stalker_use&quot;:&quot;no&quot;}\" data-widget_type=\"text-editor.default\">\n\t\t\t\t<div class=\"elementor-widget-container\">\n\t\t\t\t\t\t\t\t\t<p class=\"p1\">Proposta 1B: Transformar cidades em centros bioecon\u00f4micos - empreendimentos ecossist\u00eamicos. Para melhorar a densifica\u00e7\u00e3o tecnol\u00f3gica dos agentes econ\u00f4micos urbanos e fortalecer a integra\u00e7\u00e3o regional e diversifica\u00e7\u00e3o de produtos econ\u00f4micos, n\u00f3s podemos criar parques bioecon\u00f4micos.  Isto seria alcan\u00e7ado ao fortalecer a coer\u00eancia regional e alinhamento entre as partes tanto do setor p\u00fablico, setor privado, investidores, pessoas ind\u00edgenas, comunidades locais e outros em diferentes n\u00edveis. Estes parques poderiam ser apoiados por universidades de base territorial e institutos de pesquisa que podem conduzir pesquisas para identificar demandas relevantes em uma escala local, mapear tecnologias tradicionais e colaborar com autoridades locais e municipais.<\/p>\t\t\t\t\t\t\t\t<\/div>\n\t\t\t\t<\/div>\n\t\t\t\t<div class=\"elementor-element elementor-element-3652ff2 ob-harakiri-inherit ob-has-background-overlay elementor-widget elementor-widget-text-editor\" data-id=\"3652ff2\" data-element_type=\"widget\" data-e-type=\"widget\" data-settings=\"{&quot;_ob_use_harakiri&quot;:&quot;yes&quot;,&quot;_ob_harakiri_writing_mode&quot;:&quot;inherit&quot;,&quot;_ob_postman_use&quot;:&quot;no&quot;,&quot;_ob_perspektive_use&quot;:&quot;no&quot;,&quot;_ob_poopart_use&quot;:&quot;yes&quot;,&quot;_ob_shadough_use&quot;:&quot;no&quot;,&quot;_ob_allow_hoveranimator&quot;:&quot;no&quot;,&quot;_ob_widget_stalker_use&quot;:&quot;no&quot;}\" data-widget_type=\"text-editor.default\">\n\t\t\t\t<div class=\"elementor-widget-container\">\n\t\t\t\t\t\t\t\t\t<p class=\"p1\">Proposta 2: Criar novos modelos de urbaniza\u00e7\u00e3o para a bioeconomia. Para fazer a transi\u00e7\u00e3o de um modelo extrativista de urbaniza\u00e7\u00e3o insustent\u00e1vel para um que respeite o ambiente natural, n\u00f3s precisamos desenvolver novos modelos de urbaniza\u00e7\u00e3o para energizar os mercados associados com produtos florestais e com novos servi\u00e7os urbanos financiados. Estes novos modelos devem considerar a diversidade territorial e cultural da regi\u00e3o Amaz\u00f4nica, incluindo  os quadros normativos e institucionais de cada munic\u00edpio e a n\u00edvel pol\u00edtico nacional e global.<\/p>\t\t\t\t\t\t\t\t<\/div>\n\t\t\t\t<\/div>\n\t\t\t\t<div class=\"elementor-element elementor-element-c0899ca ob-harakiri-inherit ob-has-background-overlay elementor-widget elementor-widget-text-editor\" data-id=\"c0899ca\" data-element_type=\"widget\" data-e-type=\"widget\" data-settings=\"{&quot;_ob_use_harakiri&quot;:&quot;yes&quot;,&quot;_ob_harakiri_writing_mode&quot;:&quot;inherit&quot;,&quot;_ob_postman_use&quot;:&quot;no&quot;,&quot;_ob_perspektive_use&quot;:&quot;no&quot;,&quot;_ob_poopart_use&quot;:&quot;yes&quot;,&quot;_ob_shadough_use&quot;:&quot;no&quot;,&quot;_ob_allow_hoveranimator&quot;:&quot;no&quot;,&quot;_ob_widget_stalker_use&quot;:&quot;no&quot;}\" data-widget_type=\"text-editor.default\">\n\t\t\t\t<div class=\"elementor-widget-container\">\n\t\t\t\t\t\t\t\t\t<p class=\"p1\">Proposta 3: Construir redes colaborativas. Promover coer\u00eancia regional e desenvolver novos modelos de urbaniza\u00e7\u00e3o baseados na bioeconomia requerem mecanismos dedicados para melhorarem a colabora\u00e7\u00e3o, co-cria\u00e7\u00e3o e troca de experi\u00eancias em problemas comuns relacionados aos desafios e oportunidades nas cidades. Para atender a essa necessidade, podemos projetar espa\u00e7os para promover a troca de experi\u00eancias e comunidades de pr\u00e1tica e avan\u00e7ar no desenho e implementa\u00e7\u00e3o de solu\u00e7\u00f5es.<\/p>\t\t\t\t\t\t\t\t<\/div>\n\t\t\t\t<\/div>\n\t\t\t\t<div class=\"elementor-element elementor-element-2de4326 ob-harakiri-inherit ob-has-background-overlay elementor-widget elementor-widget-text-editor\" data-id=\"2de4326\" data-element_type=\"widget\" data-e-type=\"widget\" data-settings=\"{&quot;_ob_use_harakiri&quot;:&quot;yes&quot;,&quot;_ob_harakiri_writing_mode&quot;:&quot;inherit&quot;,&quot;_ob_postman_use&quot;:&quot;no&quot;,&quot;_ob_perspektive_use&quot;:&quot;no&quot;,&quot;_ob_poopart_use&quot;:&quot;yes&quot;,&quot;_ob_shadough_use&quot;:&quot;no&quot;,&quot;_ob_allow_hoveranimator&quot;:&quot;no&quot;,&quot;_ob_widget_stalker_use&quot;:&quot;no&quot;}\" data-widget_type=\"text-editor.default\">\n\t\t\t\t<div class=\"elementor-widget-container\">\n\t\t\t\t\t\t\t\t\t<p class=\"p1\">Proposta 4: Desenvolver infraestrutura para cidades se tornarem centros de dinamismo econ\u00f4mico. Para melhorar a competi\u00e7\u00e3o entre os empreendimentos bioecon\u00f4micos, aten\u00e7\u00e3o dos investidores e diversifica\u00e7\u00e3o econ\u00f4mica, n\u00f3s precisamos que cidades se tornem centros de dinamismo econ\u00f4mico. Isto pode ser feito ao desenvolver um plano<\/p><p class=\"p1\">compreens\u00edvel de desenvolvimento de estrutura para impulsionar a bioeconomia na Amaz\u00f4nia, cobrindo transporte a\u00e9reo e mar\u00edtimo para melhorar a conectividade, fontes de energia e infraestrutura urbana, entre outras necessidades e servi\u00e7os b\u00e1sicos.<\/p>\t\t\t\t\t\t\t\t<\/div>\n\t\t\t\t<\/div>\n\t\t\t\t<div class=\"elementor-element elementor-element-9464cd6 ob-harakiri-inherit ob-has-background-overlay elementor-widget elementor-widget-text-editor\" data-id=\"9464cd6\" data-element_type=\"widget\" data-e-type=\"widget\" data-settings=\"{&quot;_ob_use_harakiri&quot;:&quot;yes&quot;,&quot;_ob_harakiri_writing_mode&quot;:&quot;inherit&quot;,&quot;_ob_postman_use&quot;:&quot;no&quot;,&quot;_ob_perspektive_use&quot;:&quot;no&quot;,&quot;_ob_poopart_use&quot;:&quot;yes&quot;,&quot;_ob_shadough_use&quot;:&quot;no&quot;,&quot;_ob_allow_hoveranimator&quot;:&quot;no&quot;,&quot;_ob_widget_stalker_use&quot;:&quot;no&quot;}\" data-widget_type=\"text-editor.default\">\n\t\t\t\t<div class=\"elementor-widget-container\">\n\t\t\t\t\t\t\t\t\t<p class=\"p1\">Proposta 5: Estabelecer uma institui\u00e7\u00e3o financeira para apoiar a bioeconomia nas cidades amaz\u00f4nicas. S\u00e3o necess\u00e1rios maiores fluxos financeiros com retornos financeiros adequados para os investidores para apoiar a bioeconomia. Esta necessidade pode ser alcan\u00e7ada ao estabelecer instala\u00e7\u00f5es de financiamento especificamente<\/p><p class=\"p1\">projetadas para apoiar os projetos bioecon\u00f4micos na Amaz\u00f4nia por meio de uma entidade de prop\u00f3sito espec\u00edfico. Sob esta instala\u00e7\u00e3o, todos os projetos e financiamentos devem seguir os princ\u00edpios norteadores da bioeconomia, e devem ser combinados com divulga\u00e7\u00e3o e envolvimento com as comunidades, investidores, doadores sobre a bioeconomia e a miss\u00e3o de instala\u00e7\u00e3o.<\/p>\t\t\t\t\t\t\t\t<\/div>\n\t\t\t\t<\/div>\n\t\t\t\t<div class=\"elementor-element elementor-element-47ff171 ob-harakiri-inherit ob-has-background-overlay elementor-widget elementor-widget-text-editor\" data-id=\"47ff171\" data-element_type=\"widget\" data-e-type=\"widget\" data-settings=\"{&quot;_ob_use_harakiri&quot;:&quot;yes&quot;,&quot;_ob_harakiri_writing_mode&quot;:&quot;inherit&quot;,&quot;_ob_postman_use&quot;:&quot;no&quot;,&quot;_ob_perspektive_use&quot;:&quot;no&quot;,&quot;_ob_poopart_use&quot;:&quot;yes&quot;,&quot;_ob_shadough_use&quot;:&quot;no&quot;,&quot;_ob_allow_hoveranimator&quot;:&quot;no&quot;,&quot;_ob_widget_stalker_use&quot;:&quot;no&quot;}\" data-widget_type=\"text-editor.default\">\n\t\t\t\t<div class=\"elementor-widget-container\">\n\t\t\t\t\t\t\t\t\t<p class=\"p1\">Esta instala\u00e7\u00e3o deve ser  implementada em tr\u00eas etapas:  (1) identifica\u00e7\u00e3o e prepara\u00e7\u00e3o do projeto (capacidade de constru\u00e7\u00e3o e apoio); (2) fornecer financiamento inicial para um subconjunto de projetos promissores; e (3) escala conectando-se com outros investidores. As cidades servir\u00e3o como centros de inova\u00e7\u00e3o e aprendizagem onde o treinamento ser\u00e1 realizado.<\/p>\t\t\t\t\t\t\t\t<\/div>\n\t\t\t\t<\/div>\n\t\t\t\t<div class=\"elementor-element elementor-element-456eb12 ob-harakiri-inherit ob-has-background-overlay elementor-widget elementor-widget-text-editor\" data-id=\"456eb12\" data-element_type=\"widget\" data-e-type=\"widget\" data-settings=\"{&quot;_ob_use_harakiri&quot;:&quot;yes&quot;,&quot;_ob_harakiri_writing_mode&quot;:&quot;inherit&quot;,&quot;_ob_postman_use&quot;:&quot;no&quot;,&quot;_ob_perspektive_use&quot;:&quot;no&quot;,&quot;_ob_poopart_use&quot;:&quot;yes&quot;,&quot;_ob_shadough_use&quot;:&quot;no&quot;,&quot;_ob_allow_hoveranimator&quot;:&quot;no&quot;,&quot;_ob_widget_stalker_use&quot;:&quot;no&quot;}\" data-widget_type=\"text-editor.default\">\n\t\t\t\t<div class=\"elementor-widget-container\">\n\t\t\t\t\t\t\t\t\t<p class=\"p1\">MESA REDONDA 7: POL\u00cdTICA E GOVERNAN\u00c7A<\/p>\t\t\t\t\t\t\t\t<\/div>\n\t\t\t\t<\/div>\n\t\t\t\t<div class=\"elementor-element elementor-element-adabef7 ob-harakiri-inherit ob-has-background-overlay elementor-widget elementor-widget-text-editor\" data-id=\"adabef7\" data-element_type=\"widget\" data-e-type=\"widget\" data-settings=\"{&quot;_ob_use_harakiri&quot;:&quot;yes&quot;,&quot;_ob_harakiri_writing_mode&quot;:&quot;inherit&quot;,&quot;_ob_postman_use&quot;:&quot;no&quot;,&quot;_ob_perspektive_use&quot;:&quot;no&quot;,&quot;_ob_poopart_use&quot;:&quot;yes&quot;,&quot;_ob_shadough_use&quot;:&quot;no&quot;,&quot;_ob_allow_hoveranimator&quot;:&quot;no&quot;,&quot;_ob_widget_stalker_use&quot;:&quot;no&quot;}\" data-widget_type=\"text-editor.default\">\n\t\t\t\t<div class=\"elementor-widget-container\">\n\t\t\t\t\t\t\t\t\t<p class=\"p1\">Proposta 1: Fortalecer a governan\u00e7a da ACT\/OTCA.<\/p><p class=\"p1\">A Organiza\u00e7\u00e3o de Tratado de Coopera\u00e7\u00e3o Amaz\u00f4nica (ACTO\/OTCA) \u00e9 o principal ve\u00edculo de governan\u00e7a colaborativa entre os pa\u00edses amaz\u00f4nicos, destinada a promover a\u00e7\u00f5es conjuntas, equitativas e mutuamente ben\u00e9ficas nos pa\u00edses amaz\u00f4nicos no sentido de alcan\u00e7ar o desenvolvimento sustent\u00e1vel na Regi\u00e3o da Amaz\u00f4nia. O alinhamento pol\u00edtico e a transpar\u00eancia desta entidade pode ser refor\u00e7ado<\/p><p class=\"p1\">atrav\u00e9s de uma maior participa\u00e7\u00e3o da sociedade civil, popula\u00e7\u00e3o ind\u00edgena, da comunidade local e outros atores amaz\u00f4nicos nos processo de decis\u00e3o da ACTO, come\u00e7ando com um acordo para atualizar de forma colaborativa o plano estrat\u00e9gico da ACTO para incorporar a bioeconomia como uma \u00e1rea de trabalho. Especificamente, isto pode ser feito ao estabelecer um Comit\u00ea T\u00e9cnico Regional Misto para definir prioridades pol\u00edticas multigovernamentais e uma agenda ambiental program\u00e1tica comum com a representa\u00e7\u00e3o do Minist\u00e9rio do Meio Ambiente, sociedade civil e do IPLC. Ademais, as Comiss\u00f5es Nacionais Permanente do ACTO deveriam ser refor\u00e7adas pela participa\u00e7\u00e3o ativa dos atores locais amaz\u00f4nicos.<\/p>\t\t\t\t\t\t\t\t<\/div>\n\t\t\t\t<\/div>\n\t\t\t\t<div class=\"elementor-element elementor-element-376281d ob-harakiri-inherit ob-has-background-overlay elementor-widget elementor-widget-text-editor\" data-id=\"376281d\" data-element_type=\"widget\" data-e-type=\"widget\" data-settings=\"{&quot;_ob_use_harakiri&quot;:&quot;yes&quot;,&quot;_ob_harakiri_writing_mode&quot;:&quot;inherit&quot;,&quot;_ob_postman_use&quot;:&quot;no&quot;,&quot;_ob_perspektive_use&quot;:&quot;no&quot;,&quot;_ob_poopart_use&quot;:&quot;yes&quot;,&quot;_ob_shadough_use&quot;:&quot;no&quot;,&quot;_ob_allow_hoveranimator&quot;:&quot;no&quot;,&quot;_ob_widget_stalker_use&quot;:&quot;no&quot;}\" data-widget_type=\"text-editor.default\">\n\t\t\t\t<div class=\"elementor-widget-container\">\n\t\t\t\t\t\t\t\t\t<p class=\"p1\">Proposta 2: Desenvolver objetivos comuns para os<\/p><p class=\"p1\">pa\u00edses da Amaz\u00f4nia. Objetivos compartilhados entre os pa\u00edses da Amaz\u00f4nia s\u00e3o necess\u00e1rios para assegurar que a regi\u00e3o avance de forma coesa em dire\u00e7\u00e3o ao desenvolvimento da bioeconomia Pan-Amaz\u00f4nica. A Organiza\u00e7\u00e3o de Tratado de Coopera\u00e7\u00e3o Amaz\u00f4nica (ACTO\/OCTA) pode promover a colabora\u00e7\u00e3o entre os pa\u00edses amaz\u00f4nicos para chegar a um acordo sobre objetivos comuns para a regi\u00e3o. Isto pode ser atingido ao fortalecer a capacidade de consulta e poder em adotar pol\u00edticas da ACTO, assim como criar redes para fortalecer a colabora\u00e7\u00e3o, melhorando os mecanismos financeiros e definindo os padr\u00f5es bioecon\u00f4micos.<\/p>\t\t\t\t\t\t\t\t<\/div>\n\t\t\t\t<\/div>\n\t\t\t\t<div class=\"elementor-element elementor-element-0068d8a ob-harakiri-inherit ob-has-background-overlay elementor-widget elementor-widget-text-editor\" data-id=\"0068d8a\" data-element_type=\"widget\" data-e-type=\"widget\" data-settings=\"{&quot;_ob_use_harakiri&quot;:&quot;yes&quot;,&quot;_ob_harakiri_writing_mode&quot;:&quot;inherit&quot;,&quot;_ob_postman_use&quot;:&quot;no&quot;,&quot;_ob_perspektive_use&quot;:&quot;no&quot;,&quot;_ob_poopart_use&quot;:&quot;yes&quot;,&quot;_ob_shadough_use&quot;:&quot;no&quot;,&quot;_ob_allow_hoveranimator&quot;:&quot;no&quot;,&quot;_ob_widget_stalker_use&quot;:&quot;no&quot;}\" data-widget_type=\"text-editor.default\">\n\t\t\t\t<div class=\"elementor-widget-container\">\n\t\t\t\t\t\t\t\t\t<p class=\"p1\">Proposta 3: Combater atividades ilegais. A atual falta de planos de gest\u00e3o integrados na regi\u00e3o da Amaz\u00f4nia resultou na inseguran\u00e7a transfronteiri\u00e7a de atividades ilegais. O lucro por conta das atividades ilegais compete com produtos sustent\u00e1veis e com empreendimentos na regi\u00e3o. Criar um plano de a\u00e7\u00e3o central contra a ilegalidade,<\/p><p class=\"p1\">com um pacote de medidas anti-crime \u00e9 urgente para combater estes desafios. Um plano de a\u00e7\u00e3o conjunta exigiria um sistema integrado e estruturado de controle de fronteiras, pol\u00edcia e tribunais, incluindo recursos humanos, capacidades t\u00e9cnicas e equipamentos (possivelmente atrav\u00e9s do estabelecimento de uma Pol\u00edcia Internacional para Crimes Ambientais). Tamb\u00e9m exigiria mecanismos<\/p><p class=\"p1\">de monitoramento compartilhadas e um sistema de alerta integrado, com cadeia de produ\u00e7\u00e3o rastre\u00e1veis e a identifica\u00e7\u00e3o de fatores associados com ofensas\/crimes que s\u00e3o correlatos com os crimes ambientais existentes. Em termos de governan\u00e7a conjunta, gerenciamento compartilhado de a\u00e7\u00f5es de comando e controle e harmoniza\u00e7\u00e3o de leis contra a ilegalidade podem ser fomentadas por meio de interc\u00e2mbio entre \u00f3rg\u00e3os locais, estaduais e federais.<\/p>\t\t\t\t\t\t\t\t<\/div>\n\t\t\t\t<\/div>\n\t\t\t\t<div class=\"elementor-element elementor-element-825fed6 ob-harakiri-inherit ob-has-background-overlay elementor-widget elementor-widget-text-editor\" data-id=\"825fed6\" data-element_type=\"widget\" data-e-type=\"widget\" data-settings=\"{&quot;_ob_use_harakiri&quot;:&quot;yes&quot;,&quot;_ob_harakiri_writing_mode&quot;:&quot;inherit&quot;,&quot;_ob_postman_use&quot;:&quot;no&quot;,&quot;_ob_perspektive_use&quot;:&quot;no&quot;,&quot;_ob_poopart_use&quot;:&quot;yes&quot;,&quot;_ob_shadough_use&quot;:&quot;no&quot;,&quot;_ob_allow_hoveranimator&quot;:&quot;no&quot;,&quot;_ob_widget_stalker_use&quot;:&quot;no&quot;}\" data-widget_type=\"text-editor.default\">\n\t\t\t\t<div class=\"elementor-widget-container\">\n\t\t\t\t\t\t\t\t\t<p class=\"p1\">Proposta 4: Assegurar o acesso b\u00e1sico \u00e0 servi\u00e7os e direitos. Desenvolver uma bioeconomia Pan-Amaz\u00f4nica apenas pode ser alcan\u00e7ado em paralelo com o fortalecimento de direitos b\u00e1sicos e servi\u00e7os para os habitantes da Amaz\u00f4nia. Servi\u00e7os adequados e qualidade de vida promovem condi\u00e7\u00f5es e flexibilidade para pensar e desenvolver empreendimentos sustent\u00e1veis. Portanto, \u00e9 necess\u00e1rios atender os direitos b\u00e1sicos em termos de sa\u00fade, educa\u00e7\u00e3o, \u00e1gua e saneamento, conectividade (infraestrutura e comunica\u00e7\u00e3o), energia limpa e outros que levam ao bem-estar humano para desenvolver a bioeconomia. Isto pode ser feito ao alocar recursos espec\u00edficos para acesso \u00e0 servi\u00e7os b\u00e1sicos, criando incentivos fiscais para empreendimentos bioecon\u00f4micos na Amaz\u00f4nia, e ao estabelecer reuni\u00f5es recorrentes de grupos focais envolvendo comunidades para garantir que as necessidades sejam atendidas.<\/p>\t\t\t\t\t\t\t\t<\/div>\n\t\t\t\t<\/div>\n\t\t\t\t<div class=\"elementor-element elementor-element-2d86fa5 ob-harakiri-inherit ob-has-background-overlay elementor-widget elementor-widget-text-editor\" data-id=\"2d86fa5\" data-element_type=\"widget\" data-e-type=\"widget\" data-settings=\"{&quot;_ob_use_harakiri&quot;:&quot;yes&quot;,&quot;_ob_harakiri_writing_mode&quot;:&quot;inherit&quot;,&quot;_ob_postman_use&quot;:&quot;no&quot;,&quot;_ob_perspektive_use&quot;:&quot;no&quot;,&quot;_ob_poopart_use&quot;:&quot;yes&quot;,&quot;_ob_shadough_use&quot;:&quot;no&quot;,&quot;_ob_allow_hoveranimator&quot;:&quot;no&quot;,&quot;_ob_widget_stalker_use&quot;:&quot;no&quot;}\" data-widget_type=\"text-editor.default\">\n\t\t\t\t<div class=\"elementor-widget-container\">\n\t\t\t\t\t\t\t\t\t<p class=\"p1\">MESA REDONDA 8: LEGALIDADE E CADEIAS DE SUPRIMENTO<\/p>\t\t\t\t\t\t\t\t<\/div>\n\t\t\t\t<\/div>\n\t\t\t\t<div class=\"elementor-element elementor-element-4fcf38c ob-harakiri-inherit ob-has-background-overlay elementor-widget elementor-widget-text-editor\" data-id=\"4fcf38c\" data-element_type=\"widget\" data-e-type=\"widget\" data-settings=\"{&quot;_ob_use_harakiri&quot;:&quot;yes&quot;,&quot;_ob_harakiri_writing_mode&quot;:&quot;inherit&quot;,&quot;_ob_postman_use&quot;:&quot;no&quot;,&quot;_ob_perspektive_use&quot;:&quot;no&quot;,&quot;_ob_poopart_use&quot;:&quot;yes&quot;,&quot;_ob_shadough_use&quot;:&quot;no&quot;,&quot;_ob_allow_hoveranimator&quot;:&quot;no&quot;,&quot;_ob_widget_stalker_use&quot;:&quot;no&quot;}\" data-widget_type=\"text-editor.default\">\n\t\t\t\t<div class=\"elementor-widget-container\">\n\t\t\t\t\t\t\t\t\t<p class=\"p1\">Tendo em mente que as grandes oportunidades na integra\u00e7\u00e3o de estrat\u00e9gias, pol\u00edticas p\u00fablicas e planos entre os pa\u00edses da regi\u00e3o da Amaz\u00f4nia em reconhecer que a criminalidade e a viol\u00eancia desencorajam investimentos, minam o estado de direito e beneficiam competi\u00e7\u00f5es injustas, n\u00f3s podemos recomendar:<\/p>\t\t\t\t\t\t\t\t<\/div>\n\t\t\t\t<\/div>\n\t\t\t\t<div class=\"elementor-element elementor-element-f6d4b18 ob-harakiri-inherit ob-has-background-overlay elementor-widget elementor-widget-text-editor\" data-id=\"f6d4b18\" data-element_type=\"widget\" data-e-type=\"widget\" data-settings=\"{&quot;_ob_use_harakiri&quot;:&quot;yes&quot;,&quot;_ob_harakiri_writing_mode&quot;:&quot;inherit&quot;,&quot;_ob_postman_use&quot;:&quot;no&quot;,&quot;_ob_perspektive_use&quot;:&quot;no&quot;,&quot;_ob_poopart_use&quot;:&quot;yes&quot;,&quot;_ob_shadough_use&quot;:&quot;no&quot;,&quot;_ob_allow_hoveranimator&quot;:&quot;no&quot;,&quot;_ob_widget_stalker_use&quot;:&quot;no&quot;}\" data-widget_type=\"text-editor.default\">\n\t\t\t\t<div class=\"elementor-widget-container\">\n\t\t\t\t\t\t\t\t\t<p class=\"p1\">Proposta 1: Melhorar a fronteira de<\/p><p class=\"p1\">coopera\u00e7\u00e3o para refor\u00e7o na aplica\u00e7\u00e3o da lei. Criminalidade, viol\u00eancia, falta de conformidade e inseguran\u00e7a s\u00e3o todas barreiras para que a bioeconomia flores\u00e7a. Para enfrentar essas barreiras, n\u00f3s podemos estabelecer acordos regionais para fortalecer capacidades t\u00e9cnicas de ag\u00eancias e institui\u00e7\u00f5es, assegurar pessoal de fronteira treinado e promover fundos necess\u00e1rios. Com esta disposi\u00e7\u00e3o entre os pa\u00edses amaz\u00f4nicos em compartilhar estrat\u00e9gias de intelig\u00eancia e opera\u00e7\u00f5es nas fronteiras, n\u00f3s podemos aumentar a coopera\u00e7\u00e3o entre os governos e a ag\u00eancias de  aplica\u00e7\u00e3o da lei nos pa\u00edses amaz\u00f4nicos para reduzir atividades ilegais e crimes ambientais.<\/p>\t\t\t\t\t\t\t\t<\/div>\n\t\t\t\t<\/div>\n\t\t\t\t<div class=\"elementor-element elementor-element-9232967 ob-harakiri-inherit ob-has-background-overlay elementor-widget elementor-widget-text-editor\" data-id=\"9232967\" data-element_type=\"widget\" data-e-type=\"widget\" data-settings=\"{&quot;_ob_use_harakiri&quot;:&quot;yes&quot;,&quot;_ob_harakiri_writing_mode&quot;:&quot;inherit&quot;,&quot;_ob_postman_use&quot;:&quot;no&quot;,&quot;_ob_perspektive_use&quot;:&quot;no&quot;,&quot;_ob_poopart_use&quot;:&quot;yes&quot;,&quot;_ob_shadough_use&quot;:&quot;no&quot;,&quot;_ob_allow_hoveranimator&quot;:&quot;no&quot;,&quot;_ob_widget_stalker_use&quot;:&quot;no&quot;}\" data-widget_type=\"text-editor.default\">\n\t\t\t\t<div class=\"elementor-widget-container\">\n\t\t\t\t\t\t\t\t\t<p class=\"p1\">Proposta 2: Criar uma uma estrutura<\/p><p class=\"p1\">bioecon\u00f4mica que habilite IPLC e pequenos agricultores em implementar atividades bioecon\u00f4micas. Atividades bioecon\u00f4micas necessitam ser atrativas e vi\u00e1veis o suficiente para competir com atividades ilegais. Isto pode ser feito ao adotar uma estrutura bioecon\u00f4mica legal de pol\u00edticas que simplificam as regras e estruturas regulat\u00f3rias para pequenos produtores\/iniciativas, com flexibilidade em customizar as regras de acordo com o tamanho do neg\u00f3cio, considerando a complexidade dos neg\u00f3cios sustent\u00e1veis, a realidade dos povos ind\u00edgenas e tradicionais e a posse de terra.<\/p>\t\t\t\t\t\t\t\t<\/div>\n\t\t\t\t<\/div>\n\t\t\t\t<div class=\"elementor-element elementor-element-89fe448 ob-harakiri-inherit ob-has-background-overlay elementor-widget elementor-widget-text-editor\" data-id=\"89fe448\" data-element_type=\"widget\" data-e-type=\"widget\" data-settings=\"{&quot;_ob_use_harakiri&quot;:&quot;yes&quot;,&quot;_ob_harakiri_writing_mode&quot;:&quot;inherit&quot;,&quot;_ob_postman_use&quot;:&quot;no&quot;,&quot;_ob_perspektive_use&quot;:&quot;no&quot;,&quot;_ob_poopart_use&quot;:&quot;yes&quot;,&quot;_ob_shadough_use&quot;:&quot;no&quot;,&quot;_ob_allow_hoveranimator&quot;:&quot;no&quot;,&quot;_ob_widget_stalker_use&quot;:&quot;no&quot;}\" data-widget_type=\"text-editor.default\">\n\t\t\t\t<div class=\"elementor-widget-container\">\n\t\t\t\t\t\t\t\t\t<p class=\"p1\">Proposta 3: Providenciar financiamento, pol\u00edtica e<\/p><p class=\"p1\">incentivos sociais, assim como fortalecer<\/p><p class=\"p1\">as capacidades dos partes chave interessadas, para encorajar que as atividades ilegais e irregulares se tornem legais. Cadeias de suprimento legais devem mostrar claros benef\u00edcios para as pessoas envolvidas neles, e devem ser emparelhados com incentivos econ\u00f4micos, financiamento, social e recursos pol\u00edticos para a sua implementa\u00e7\u00e3o em neg\u00f3cios bioecon\u00f4micos. Isto pode ser atingido ao desenvolver claras regras que encorajem indiv\u00edduos e<\/p><p class=\"p1\">neg\u00f3cios bioecon\u00f4micos a se<\/p><p class=\"p1\">afastar da ilegalidade,<\/p><p class=\"p1\">apoiados por pesquisas a respeito dos benef\u00edcios garantidos ao transitar entre a \u00e1rea cinza para a legalidade em com\u00e9rcio bioecon\u00f4mico.<\/p>\t\t\t\t\t\t\t\t<\/div>\n\t\t\t\t<\/div>\n\t\t\t\t<div class=\"elementor-element elementor-element-3ca7285 ob-harakiri-inherit ob-has-background-overlay elementor-widget elementor-widget-text-editor\" data-id=\"3ca7285\" data-element_type=\"widget\" data-e-type=\"widget\" data-settings=\"{&quot;_ob_use_harakiri&quot;:&quot;yes&quot;,&quot;_ob_harakiri_writing_mode&quot;:&quot;inherit&quot;,&quot;_ob_postman_use&quot;:&quot;no&quot;,&quot;_ob_perspektive_use&quot;:&quot;no&quot;,&quot;_ob_poopart_use&quot;:&quot;yes&quot;,&quot;_ob_shadough_use&quot;:&quot;no&quot;,&quot;_ob_allow_hoveranimator&quot;:&quot;no&quot;,&quot;_ob_widget_stalker_use&quot;:&quot;no&quot;}\" data-widget_type=\"text-editor.default\">\n\t\t\t\t<div class=\"elementor-widget-container\">\n\t\t\t\t\t\t\t\t\t<p class=\"p1\">MESA REDONDA 9: CONSTRUIR UMA REDE BIOECON\u00d4MICA PAN-AMAZ\u00d4NICA<\/p>\t\t\t\t\t\t\t\t<\/div>\n\t\t\t\t<\/div>\n\t\t\t\t<div class=\"elementor-element elementor-element-012cc3f ob-harakiri-inherit ob-has-background-overlay elementor-widget elementor-widget-text-editor\" data-id=\"012cc3f\" data-element_type=\"widget\" data-e-type=\"widget\" data-settings=\"{&quot;_ob_use_harakiri&quot;:&quot;yes&quot;,&quot;_ob_harakiri_writing_mode&quot;:&quot;inherit&quot;,&quot;_ob_postman_use&quot;:&quot;no&quot;,&quot;_ob_perspektive_use&quot;:&quot;no&quot;,&quot;_ob_poopart_use&quot;:&quot;yes&quot;,&quot;_ob_shadough_use&quot;:&quot;no&quot;,&quot;_ob_allow_hoveranimator&quot;:&quot;no&quot;,&quot;_ob_widget_stalker_use&quot;:&quot;no&quot;}\" data-widget_type=\"text-editor.default\">\n\t\t\t\t<div class=\"elementor-widget-container\">\n\t\t\t\t\t\t\t\t\t<p class=\"p1\">Proposta 1: Influenciar as poss\u00edveis condi\u00e7\u00f5es para pol\u00edticas regionais, nacionais e locais. A regi\u00e3o da Amaz\u00f4nia est\u00e1 enfrentar pontos de ruptura pol\u00edticos, econ\u00f4micos, sociais, culturais e ambientais. Poss\u00edveis condi\u00e7\u00f5es que s\u00e3o necess\u00e1rias para atender o crescente conhecimento e implementar pol\u00edticas geoecon\u00f4micas que incluam coordena\u00e7\u00e3o e conex\u00e3o entre os setores, escalabilidade, sustentabilidade a longo prazo, impacto nos investimentos, dados e gerenciamento de conhecimento e outras capacidades de constru\u00e7\u00e3o gerais. Esta pol\u00edtica ambiental pode ser influenciada concentrando-se em momentos chave de coordena\u00e7\u00e3o (como o encontro de chefes de estado na UNFCCC\/CBC COP e no G20), coordenado com a OTCA e com a For\u00e7a Tarefa GCF, e fortalecendo coliga\u00e7\u00f5es existentes nacionais. Converg\u00eancia regional pode ser encontrada ao identificar tem\u00e1ticas campe\u00e3s para apresentar narrativas constru\u00eddas em dados cient\u00edficos e apoiados por planos de comunica\u00e7\u00e3o.<\/p>\t\t\t\t\t\t\t\t<\/div>\n\t\t\t\t<\/div>\n\t\t\t\t<div class=\"elementor-element elementor-element-fcc9af4 ob-harakiri-inherit ob-has-background-overlay elementor-widget elementor-widget-text-editor\" data-id=\"fcc9af4\" data-element_type=\"widget\" data-e-type=\"widget\" data-settings=\"{&quot;_ob_use_harakiri&quot;:&quot;yes&quot;,&quot;_ob_harakiri_writing_mode&quot;:&quot;inherit&quot;,&quot;_ob_postman_use&quot;:&quot;no&quot;,&quot;_ob_perspektive_use&quot;:&quot;no&quot;,&quot;_ob_poopart_use&quot;:&quot;yes&quot;,&quot;_ob_shadough_use&quot;:&quot;no&quot;,&quot;_ob_allow_hoveranimator&quot;:&quot;no&quot;,&quot;_ob_widget_stalker_use&quot;:&quot;no&quot;}\" data-widget_type=\"text-editor.default\">\n\t\t\t\t<div class=\"elementor-widget-container\">\n\t\t\t\t\t\t\t\t\t<p class=\"p1\">Proposta 2: Encontre solu\u00e7\u00f5es tang\u00edveis, com foco no que nos  unifica e aprendendo sobre nossas diferen\u00e7as. Encontrar solu\u00e7\u00f5es que encontrem as necessidades de todos na regi\u00e3o da Amaz\u00f4nia e que requerem encontrar sinergias e pontos de converg\u00eancia entre a agenda coletiva e a agenda local. Isto pode ser feito ao compartilhar amplamente o conhecimento e a capacidade de constru\u00e7\u00e3o.<\/p>\t\t\t\t\t\t\t\t<\/div>\n\t\t\t\t<\/div>\n\t\t\t\t<div class=\"elementor-element elementor-element-6073ed5 ob-harakiri-inherit ob-has-background-overlay elementor-widget elementor-widget-text-editor\" data-id=\"6073ed5\" data-element_type=\"widget\" data-e-type=\"widget\" data-settings=\"{&quot;_ob_use_harakiri&quot;:&quot;yes&quot;,&quot;_ob_harakiri_writing_mode&quot;:&quot;inherit&quot;,&quot;_ob_postman_use&quot;:&quot;no&quot;,&quot;_ob_perspektive_use&quot;:&quot;no&quot;,&quot;_ob_poopart_use&quot;:&quot;yes&quot;,&quot;_ob_shadough_use&quot;:&quot;no&quot;,&quot;_ob_allow_hoveranimator&quot;:&quot;no&quot;,&quot;_ob_widget_stalker_use&quot;:&quot;no&quot;}\" data-widget_type=\"text-editor.default\">\n\t\t\t\t<div class=\"elementor-widget-container\">\n\t\t\t\t\t\t\t\t\t<p class=\"p1\">Proposta 3: Estabelecer a multidisciplinaridade,<\/p><p class=\"p1\">rede regional que apoie um ambiente favor\u00e1vel \u00e0 bioeconomia sustent\u00e1vel.<\/p><p class=\"p1\">N\u00f3s podemos ter uma oportunidade excepcional para pa\u00edses colaborarem em pol\u00edticas interconectadas que apoiem a conserva\u00e7\u00e3o da floresta,<\/p><p class=\"p1\">aliviam a pobreza, combatem a criminalidade e melhoram os meios de subsist\u00eancia das pessoas. Ademais, h\u00e1 uma necessidade em fortalecer a participa\u00e7\u00e3o, equidade e inclusividade dos povos ind\u00edgenas e comunidades locais na agenda da bioeconomia. Isto pode ser alcan\u00e7ado ao estabelecer uma multidisciplinaridade,<\/p><p class=\"p1\">multisetor, rede regional para defender um novo ambiente de bioeconomia, apoiar a conserva\u00e7\u00e3o e restaura\u00e7\u00e3o da Amaz\u00f4nia e beneficiar pessoas ind\u00edgenas e comunidades locais. Tal rede poderia carregar uma mensagem apol\u00edtica e unificada atrav\u00e9s das fronteiras para um interesse comum, forte o suficiente para suportar mudan\u00e7as pol\u00edticas e resultando no conhecimento de mais pessoas e no comprometimento em proteger a Floresta Tropical Amaz\u00f4nica. A rede poderia oferecer oportunidades em facilitar a converg\u00eancia (n\u00e3o necessariamente<\/p><p class=\"p1\">consensual), estabelecer sinergias e identificar oportunidades em setores privados e p\u00fablicos, ONG, IPLC e outros, melhorando cadeias de valor e facilitando o acesso a mercados e financiamento ao criar espa\u00e7os coletivos para desenvolvimento de propostas e fornecer apoio a organiza\u00e7\u00f5es de base. A rede poderia ser liderada por um secretariado t\u00e9cnico que facilitaria mudan\u00e7as, oficinas e encontros anuais  para promover conhecimento pelas melhores pr\u00e1ticas e li\u00e7\u00f5es aprendidas e encorajar a forma\u00e7\u00e3o de redes locais como parte da rede regional. Esta rede ser\u00e1 estabelecida em congru\u00eancia com \u00f3rg\u00e3os e esfor\u00e7os existentes alinhados e em uma forma que apoie outras redes existentes.<\/p>\t\t\t\t\t\t\t\t<\/div>\n\t\t\t\t<\/div>\n\t\t\t\t<div class=\"elementor-element elementor-element-73ac3ac ob-harakiri-inherit ob-has-background-overlay elementor-widget elementor-widget-text-editor\" data-id=\"73ac3ac\" data-element_type=\"widget\" data-e-type=\"widget\" data-settings=\"{&quot;_ob_use_harakiri&quot;:&quot;yes&quot;,&quot;_ob_harakiri_writing_mode&quot;:&quot;inherit&quot;,&quot;_ob_postman_use&quot;:&quot;no&quot;,&quot;_ob_perspektive_use&quot;:&quot;no&quot;,&quot;_ob_poopart_use&quot;:&quot;yes&quot;,&quot;_ob_shadough_use&quot;:&quot;no&quot;,&quot;_ob_allow_hoveranimator&quot;:&quot;no&quot;,&quot;_ob_widget_stalker_use&quot;:&quot;no&quot;}\" data-widget_type=\"text-editor.default\">\n\t\t\t\t<div class=\"elementor-widget-container\">\n\t\t\t\t\t\t\t\t\t<p class=\"p1\">L\u00cdDERES DAS MESAS REDONDAS<\/p>\t\t\t\t\t\t\t\t<\/div>\n\t\t\t\t<\/div>\n\t\t\t\t<div class=\"elementor-element elementor-element-a7b314b ob-harakiri-inherit ob-has-background-overlay elementor-widget elementor-widget-text-editor\" data-id=\"a7b314b\" data-element_type=\"widget\" data-e-type=\"widget\" data-settings=\"{&quot;_ob_use_harakiri&quot;:&quot;yes&quot;,&quot;_ob_harakiri_writing_mode&quot;:&quot;inherit&quot;,&quot;_ob_postman_use&quot;:&quot;no&quot;,&quot;_ob_perspektive_use&quot;:&quot;no&quot;,&quot;_ob_poopart_use&quot;:&quot;yes&quot;,&quot;_ob_shadough_use&quot;:&quot;no&quot;,&quot;_ob_allow_hoveranimator&quot;:&quot;no&quot;,&quot;_ob_widget_stalker_use&quot;:&quot;no&quot;}\" data-widget_type=\"text-editor.default\">\n\t\t\t\t<div class=\"elementor-widget-container\">\n\t\t\t\t\t\t\t\t\t<p class=\"p1\">PARTICIPANTES DA CONFER\u00caNCIA<\/p>\t\t\t\t\t\t\t\t<\/div>\n\t\t\t\t<\/div>\n\t\t\t\t\t<\/div>\n\t\t<\/div>\n\t\t\t\t\t<\/div>\n\t\t<\/section>\n\t\t\t\t<\/div>","protected":false},"excerpt":{"rendered":"<p>TO THE HEADS OF STATE AND MINISTERS OF THE 9 AMAZON COUNTRIES In preparation for the Amazon Summit \u2014 4th Meeting of the Heads of State Parties to the Amazon Cooperation Treaty, close to 300 individuals from over 100 organizations have collaboratively developed 31 proposals aimed at enhancing the Amazon bioeconomy of standing forests and [&hellip;]<\/p>\n","protected":false},"author":6,"featured_media":1911,"comment_status":"closed","ping_status":"closed","sticky":false,"template":"","format":"standard","meta":{"give_campaign_id":0,"nf_dc_page":"","om_disable_all_campaigns":false,"_monsterinsights_skip_tracking":false,"_monsterinsights_sitenote_active":false,"_monsterinsights_sitenote_note":"","_monsterinsights_sitenote_category":0,"_jetpack_memberships_contains_paid_content":false,"footnotes":""},"categories":[1],"tags":[],"class_list":["post-1898","post","type-post","status-publish","format-standard","has-post-thumbnail","hentry","category-uncategorized"],"yoast_head":"<!-- This site is optimized with the Yoast SEO Premium plugin v26.0 (Yoast SEO v27.3) - https:\/\/yoast.com\/product\/yoast-seo-premium-wordpress\/ -->\n<title>PANAMAZON BIOECONOMY - RFM Productions<\/title>\n<meta name=\"robots\" content=\"index, follow, max-snippet:-1, max-image-preview:large, max-video-preview:-1\" \/>\n<link rel=\"canonical\" href=\"https:\/\/rfmproductions.org\/pt\/amzbioecon\/\" \/>\n<meta property=\"og:locale\" content=\"pt_BR\" \/>\n<meta property=\"og:type\" content=\"article\" \/>\n<meta property=\"og:title\" content=\"PANAMAZON BIOECONOMY\" \/>\n<meta property=\"og:description\" content=\"TO THE HEADS OF STATE AND MINISTERS OF THE 9 AMAZON COUNTRIES In preparation for the Amazon Summit \u2014 4th Meeting of the Heads of State Parties to the Amazon Cooperation Treaty, close to 300 individuals from over 100 organizations have collaboratively developed 31 proposals aimed at enhancing the Amazon bioeconomy of standing forests and [&hellip;]\" \/>\n<meta property=\"og:url\" content=\"https:\/\/rfmproductions.org\/pt\/amzbioecon\/\" \/>\n<meta property=\"og:site_name\" content=\"RFM Productions\" \/>\n<meta property=\"article:published_time\" content=\"2023-10-08T12:19:24+00:00\" \/>\n<meta property=\"article:modified_time\" content=\"2023-10-22T06:44:24+00:00\" \/>\n<meta property=\"og:image\" content=\"https:\/\/rfmproductions.org\/wp-content\/uploads\/2023\/10\/20220101_193924.webp\" \/>\n\t<meta property=\"og:image:width\" content=\"1024\" \/>\n\t<meta property=\"og:image:height\" content=\"523\" \/>\n\t<meta property=\"og:image:type\" content=\"image\/webp\" \/>\n<meta name=\"author\" content=\"Swapnil Kondekar\" \/>\n<meta name=\"twitter:card\" content=\"summary_large_image\" \/>\n<meta name=\"twitter:label1\" content=\"Escrito por\" \/>\n\t<meta name=\"twitter:data1\" content=\"Swapnil Kondekar\" \/>\n\t<meta name=\"twitter:label2\" content=\"Est. tempo de leitura\" \/>\n\t<meta name=\"twitter:data2\" content=\"19 minutos\" \/>\n<script type=\"application\/ld+json\" class=\"yoast-schema-graph\">{\"@context\":\"https:\\\/\\\/schema.org\",\"@graph\":[{\"@type\":\"Article\",\"@id\":\"https:\\\/\\\/rfmproductions.org\\\/amzbioecon\\\/#article\",\"isPartOf\":{\"@id\":\"https:\\\/\\\/rfmproductions.org\\\/amzbioecon\\\/\"},\"author\":{\"name\":\"Swapnil Kondekar\",\"@id\":\"http:\\\/\\\/box5236.temp.domains\\\/~rfmprodu\\\/#\\\/schema\\\/person\\\/04bd1a04e193ba2b3ecca3538779ca18\"},\"headline\":\"PANAMAZON BIOECONOMY\",\"datePublished\":\"2023-10-08T12:19:24+00:00\",\"dateModified\":\"2023-10-22T06:44:24+00:00\",\"mainEntityOfPage\":{\"@id\":\"https:\\\/\\\/rfmproductions.org\\\/amzbioecon\\\/\"},\"wordCount\":4223,\"image\":{\"@id\":\"https:\\\/\\\/rfmproductions.org\\\/amzbioecon\\\/#primaryimage\"},\"thumbnailUrl\":\"https:\\\/\\\/i0.wp.com\\\/rfmproductions.org\\\/wp-content\\\/uploads\\\/2023\\\/10\\\/20220101_193924.webp?fit=1024%2C523&ssl=1\",\"articleSection\":[\"Uncategorized\"],\"inLanguage\":\"pt-BR\"},{\"@type\":\"WebPage\",\"@id\":\"https:\\\/\\\/rfmproductions.org\\\/amzbioecon\\\/\",\"url\":\"https:\\\/\\\/rfmproductions.org\\\/amzbioecon\\\/\",\"name\":\"PANAMAZON BIOECONOMY - RFM Productions\",\"isPartOf\":{\"@id\":\"http:\\\/\\\/box5236.temp.domains\\\/~rfmprodu\\\/#website\"},\"primaryImageOfPage\":{\"@id\":\"https:\\\/\\\/rfmproductions.org\\\/amzbioecon\\\/#primaryimage\"},\"image\":{\"@id\":\"https:\\\/\\\/rfmproductions.org\\\/amzbioecon\\\/#primaryimage\"},\"thumbnailUrl\":\"https:\\\/\\\/i0.wp.com\\\/rfmproductions.org\\\/wp-content\\\/uploads\\\/2023\\\/10\\\/20220101_193924.webp?fit=1024%2C523&ssl=1\",\"datePublished\":\"2023-10-08T12:19:24+00:00\",\"dateModified\":\"2023-10-22T06:44:24+00:00\",\"author\":{\"@id\":\"http:\\\/\\\/box5236.temp.domains\\\/~rfmprodu\\\/#\\\/schema\\\/person\\\/04bd1a04e193ba2b3ecca3538779ca18\"},\"breadcrumb\":{\"@id\":\"https:\\\/\\\/rfmproductions.org\\\/amzbioecon\\\/#breadcrumb\"},\"inLanguage\":\"pt-BR\",\"potentialAction\":[{\"@type\":\"ReadAction\",\"target\":[\"https:\\\/\\\/rfmproductions.org\\\/amzbioecon\\\/\"]}]},{\"@type\":\"ImageObject\",\"inLanguage\":\"pt-BR\",\"@id\":\"https:\\\/\\\/rfmproductions.org\\\/amzbioecon\\\/#primaryimage\",\"url\":\"https:\\\/\\\/i0.wp.com\\\/rfmproductions.org\\\/wp-content\\\/uploads\\\/2023\\\/10\\\/20220101_193924.webp?fit=1024%2C523&ssl=1\",\"contentUrl\":\"https:\\\/\\\/i0.wp.com\\\/rfmproductions.org\\\/wp-content\\\/uploads\\\/2023\\\/10\\\/20220101_193924.webp?fit=1024%2C523&ssl=1\",\"width\":1024,\"height\":523},{\"@type\":\"BreadcrumbList\",\"@id\":\"https:\\\/\\\/rfmproductions.org\\\/amzbioecon\\\/#breadcrumb\",\"itemListElement\":[{\"@type\":\"ListItem\",\"position\":1,\"name\":\"Home\",\"item\":\"https:\\\/\\\/rfmproductions.org\\\/\"},{\"@type\":\"ListItem\",\"position\":2,\"name\":\"PANAMAZON BIOECONOMY\"}]},{\"@type\":\"WebSite\",\"@id\":\"http:\\\/\\\/box5236.temp.domains\\\/~rfmprodu\\\/#website\",\"url\":\"http:\\\/\\\/box5236.temp.domains\\\/~rfmprodu\\\/\",\"name\":\"RFM Productions\",\"description\":\"RFM Productions is the only minority and women-led nonprofit, nonpartisan organization\",\"potentialAction\":[{\"@type\":\"SearchAction\",\"target\":{\"@type\":\"EntryPoint\",\"urlTemplate\":\"http:\\\/\\\/box5236.temp.domains\\\/~rfmprodu\\\/?s={search_term_string}\"},\"query-input\":{\"@type\":\"PropertyValueSpecification\",\"valueRequired\":true,\"valueName\":\"search_term_string\"}}],\"inLanguage\":\"pt-BR\"},{\"@type\":\"Person\",\"@id\":\"http:\\\/\\\/box5236.temp.domains\\\/~rfmprodu\\\/#\\\/schema\\\/person\\\/04bd1a04e193ba2b3ecca3538779ca18\",\"name\":\"Swapnil Kondekar\",\"image\":{\"@type\":\"ImageObject\",\"inLanguage\":\"pt-BR\",\"@id\":\"https:\\\/\\\/secure.gravatar.com\\\/avatar\\\/e8b3c592c6b2b7376b973504c737409e10fee02bce55dfcdcec1ae74056bf492?s=96&d=mm&r=g\",\"url\":\"https:\\\/\\\/secure.gravatar.com\\\/avatar\\\/e8b3c592c6b2b7376b973504c737409e10fee02bce55dfcdcec1ae74056bf492?s=96&d=mm&r=g\",\"contentUrl\":\"https:\\\/\\\/secure.gravatar.com\\\/avatar\\\/e8b3c592c6b2b7376b973504c737409e10fee02bce55dfcdcec1ae74056bf492?s=96&d=mm&r=g\",\"caption\":\"Swapnil Kondekar\"},\"url\":\"https:\\\/\\\/rfmproductions.org\\\/pt\\\/author\\\/swapnildk\\\/\"}]}<\/script>\n<!-- \/ Yoast SEO Premium plugin. -->","yoast_head_json":{"title":"PANAMAZON BIOECONOMY - RFM Productions","robots":{"index":"index","follow":"follow","max-snippet":"max-snippet:-1","max-image-preview":"max-image-preview:large","max-video-preview":"max-video-preview:-1"},"canonical":"https:\/\/rfmproductions.org\/pt\/amzbioecon\/","og_locale":"pt_BR","og_type":"article","og_title":"PANAMAZON BIOECONOMY","og_description":"TO THE HEADS OF STATE AND MINISTERS OF THE 9 AMAZON COUNTRIES In preparation for the Amazon Summit \u2014 4th Meeting of the Heads of State Parties to the Amazon Cooperation Treaty, close to 300 individuals from over 100 organizations have collaboratively developed 31 proposals aimed at enhancing the Amazon bioeconomy of standing forests and [&hellip;]","og_url":"https:\/\/rfmproductions.org\/pt\/amzbioecon\/","og_site_name":"RFM Productions","article_published_time":"2023-10-08T12:19:24+00:00","article_modified_time":"2023-10-22T06:44:24+00:00","og_image":[{"width":1024,"height":523,"url":"https:\/\/rfmproductions.org\/wp-content\/uploads\/2023\/10\/20220101_193924.webp","type":"image\/webp"}],"author":"Swapnil Kondekar","twitter_card":"summary_large_image","twitter_misc":{"Escrito por":"Swapnil Kondekar","Est. tempo de leitura":"19 minutos"},"schema":{"@context":"https:\/\/schema.org","@graph":[{"@type":"Article","@id":"https:\/\/rfmproductions.org\/amzbioecon\/#article","isPartOf":{"@id":"https:\/\/rfmproductions.org\/amzbioecon\/"},"author":{"name":"Swapnil Kondekar","@id":"http:\/\/box5236.temp.domains\/~rfmprodu\/#\/schema\/person\/04bd1a04e193ba2b3ecca3538779ca18"},"headline":"PANAMAZON BIOECONOMY","datePublished":"2023-10-08T12:19:24+00:00","dateModified":"2023-10-22T06:44:24+00:00","mainEntityOfPage":{"@id":"https:\/\/rfmproductions.org\/amzbioecon\/"},"wordCount":4223,"image":{"@id":"https:\/\/rfmproductions.org\/amzbioecon\/#primaryimage"},"thumbnailUrl":"https:\/\/i0.wp.com\/rfmproductions.org\/wp-content\/uploads\/2023\/10\/20220101_193924.webp?fit=1024%2C523&ssl=1","articleSection":["Uncategorized"],"inLanguage":"pt-BR"},{"@type":"WebPage","@id":"https:\/\/rfmproductions.org\/amzbioecon\/","url":"https:\/\/rfmproductions.org\/amzbioecon\/","name":"PANAMAZON BIOECONOMY - RFM Productions","isPartOf":{"@id":"http:\/\/box5236.temp.domains\/~rfmprodu\/#website"},"primaryImageOfPage":{"@id":"https:\/\/rfmproductions.org\/amzbioecon\/#primaryimage"},"image":{"@id":"https:\/\/rfmproductions.org\/amzbioecon\/#primaryimage"},"thumbnailUrl":"https:\/\/i0.wp.com\/rfmproductions.org\/wp-content\/uploads\/2023\/10\/20220101_193924.webp?fit=1024%2C523&ssl=1","datePublished":"2023-10-08T12:19:24+00:00","dateModified":"2023-10-22T06:44:24+00:00","author":{"@id":"http:\/\/box5236.temp.domains\/~rfmprodu\/#\/schema\/person\/04bd1a04e193ba2b3ecca3538779ca18"},"breadcrumb":{"@id":"https:\/\/rfmproductions.org\/amzbioecon\/#breadcrumb"},"inLanguage":"pt-BR","potentialAction":[{"@type":"ReadAction","target":["https:\/\/rfmproductions.org\/amzbioecon\/"]}]},{"@type":"ImageObject","inLanguage":"pt-BR","@id":"https:\/\/rfmproductions.org\/amzbioecon\/#primaryimage","url":"https:\/\/i0.wp.com\/rfmproductions.org\/wp-content\/uploads\/2023\/10\/20220101_193924.webp?fit=1024%2C523&ssl=1","contentUrl":"https:\/\/i0.wp.com\/rfmproductions.org\/wp-content\/uploads\/2023\/10\/20220101_193924.webp?fit=1024%2C523&ssl=1","width":1024,"height":523},{"@type":"BreadcrumbList","@id":"https:\/\/rfmproductions.org\/amzbioecon\/#breadcrumb","itemListElement":[{"@type":"ListItem","position":1,"name":"Home","item":"https:\/\/rfmproductions.org\/"},{"@type":"ListItem","position":2,"name":"PANAMAZON BIOECONOMY"}]},{"@type":"WebSite","@id":"http:\/\/box5236.temp.domains\/~rfmprodu\/#website","url":"http:\/\/box5236.temp.domains\/~rfmprodu\/","name":"RFM Productions","description":"RFM Productions is the only minority and women-led nonprofit, nonpartisan organization","potentialAction":[{"@type":"SearchAction","target":{"@type":"EntryPoint","urlTemplate":"http:\/\/box5236.temp.domains\/~rfmprodu\/?s={search_term_string}"},"query-input":{"@type":"PropertyValueSpecification","valueRequired":true,"valueName":"search_term_string"}}],"inLanguage":"pt-BR"},{"@type":"Person","@id":"http:\/\/box5236.temp.domains\/~rfmprodu\/#\/schema\/person\/04bd1a04e193ba2b3ecca3538779ca18","name":"Swapnil Kondekar","image":{"@type":"ImageObject","inLanguage":"pt-BR","@id":"https:\/\/secure.gravatar.com\/avatar\/e8b3c592c6b2b7376b973504c737409e10fee02bce55dfcdcec1ae74056bf492?s=96&d=mm&r=g","url":"https:\/\/secure.gravatar.com\/avatar\/e8b3c592c6b2b7376b973504c737409e10fee02bce55dfcdcec1ae74056bf492?s=96&d=mm&r=g","contentUrl":"https:\/\/secure.gravatar.com\/avatar\/e8b3c592c6b2b7376b973504c737409e10fee02bce55dfcdcec1ae74056bf492?s=96&d=mm&r=g","caption":"Swapnil Kondekar"},"url":"https:\/\/rfmproductions.org\/pt\/author\/swapnildk\/"}]}},"jetpack_featured_media_url":"https:\/\/i0.wp.com\/rfmproductions.org\/wp-content\/uploads\/2023\/10\/20220101_193924.webp?fit=1024%2C523&ssl=1","jetpack_sharing_enabled":true,"_links":{"self":[{"href":"https:\/\/rfmproductions.org\/pt\/wp-json\/wp\/v2\/posts\/1898","targetHints":{"allow":["GET"]}}],"collection":[{"href":"https:\/\/rfmproductions.org\/pt\/wp-json\/wp\/v2\/posts"}],"about":[{"href":"https:\/\/rfmproductions.org\/pt\/wp-json\/wp\/v2\/types\/post"}],"author":[{"embeddable":true,"href":"https:\/\/rfmproductions.org\/pt\/wp-json\/wp\/v2\/users\/6"}],"replies":[{"embeddable":true,"href":"https:\/\/rfmproductions.org\/pt\/wp-json\/wp\/v2\/comments?post=1898"}],"version-history":[{"count":5,"href":"https:\/\/rfmproductions.org\/pt\/wp-json\/wp\/v2\/posts\/1898\/revisions"}],"predecessor-version":[{"id":1910,"href":"https:\/\/rfmproductions.org\/pt\/wp-json\/wp\/v2\/posts\/1898\/revisions\/1910"}],"wp:featuredmedia":[{"embeddable":true,"href":"https:\/\/rfmproductions.org\/pt\/wp-json\/wp\/v2\/media\/1911"}],"wp:attachment":[{"href":"https:\/\/rfmproductions.org\/pt\/wp-json\/wp\/v2\/media?parent=1898"}],"wp:term":[{"taxonomy":"category","embeddable":true,"href":"https:\/\/rfmproductions.org\/pt\/wp-json\/wp\/v2\/categories?post=1898"},{"taxonomy":"post_tag","embeddable":true,"href":"https:\/\/rfmproductions.org\/pt\/wp-json\/wp\/v2\/tags?post=1898"}],"curies":[{"name":"wp","href":"https:\/\/api.w.org\/{rel}","templated":true}]}}